{"id":1011,"date":"2013-11-19T22:43:50","date_gmt":"2013-11-19T20:43:50","guid":{"rendered":"http:\/\/historischer-verein-speyer.de\/?p=1011"},"modified":"2014-06-15T18:31:12","modified_gmt":"2014-06-15T16:31:12","slug":"vortrag-18-11-2013-pfaelzische-generaele-in-der-bayerischen-armee","status":"publish","type":"post","link":"http:\/\/historischer-verein-speyer.de\/?p=1011","title":{"rendered":"Vortrag 18.11.2013: Pf\u00e4lzische Gener\u00e4le in der bayerischen Armee"},"content":{"rendered":"<p><iframe loading=\"lazy\" title=\"Vortrag 18.11.2013: Pf\u00e4lzische Gener\u00e4le in der bayerischen Armee\" width=\"768\" height=\"576\" src=\"https:\/\/www.youtube.com\/embed\/glcuS9x2RwU?feature=oembed\" frameborder=\"0\" allow=\"accelerometer; autoplay; clipboard-write; encrypted-media; gyroscope; picture-in-picture\" allowfullscreen><\/iframe><\/p>\n<p>&nbsp;<\/p>\n<p>Mit einer bisher in der Forschung vernachl\u00e4ssigten Berufs- und Sozialgruppe, n\u00e4mlich den (kur-)pf\u00e4lzischen milit\u00e4rischen Oberbefehlshabern um 1800 befasste sich ein Vortrag bei der Bezirksgruppe Speyer im Historischen Verein der Pfalz am Montag, den18. November.<br \/>\nImmer schon geh\u00f6rten gro\u00dfe Feldherrn wie Friedrich der Gro\u00dfe und Bl\u00fccher etc. und oberste F\u00fchrungsgruppen zum traditionellen Kanon der deutschen Milit\u00e4rgeschichte. Jedoch befasste man sich meist mit diesen nur als Vorbilder im Rahmen von Schlachtennacherz\u00e4hlungen f\u00fcr Auszubildende im Milit\u00e4rwesen. Sozialgeschichtliche Fragestellungen nach dem Leben dieser Personen wurden weitgehend ausgeklammert. W\u00e4hrend sich in den letzten 10 Jahren immer mehr Wissenschaftler diesem Desiderat angenommen haben, l\u00e4sst die pf\u00e4lzische und bayerischen Milit\u00e4rgeschichtsforschung<wbr \/> vor allem der Fr\u00fchen Neuzeit immer noch das Interesse an den milit\u00e4rischen Verantwortlichen vermissen.<br \/>\nNur so ist zu erkl\u00e4ren, dass allein von einer Handvoll (kur-)pf\u00e4lzischer Gener\u00e4le, die nach der Vereinigung der pf\u00e4lzischen mit der bayerischen Armee ab 1778 bis 1815 in Bayern dienten, \u00fcberhaupt Lexikonartikel oder Biographien vorliegen. Aufbauend auf einer langj\u00e4hrig angelegten Sammlung von Personaldaten und Lebensgeschichten aller 183 pfalzbayerischer Gener\u00e4le soll nun in diesem Vortrag ein Einblick in die Lebens- und Arbeitsverh\u00e4ltnisse dieser Personengruppe geboten werden. Der Hauptaugenmerk ruht dabei auf den pf\u00e4lzischen Gener\u00e4len und ihren Einfluss auf die bayerische Armee bzw. Gesellschaft. Dar\u00fcber hinaus soll es auch um die Frage gehen, in wie weit es sich hier um eine \u201eElite\u201c handelt.<\/p>\n<p>Referentin: Uta Lerche M.A. (Ludwigshafen &#8211; Augsburg, Haus der Bayerischen Geschichte)<\/p>\n<p>[nggallery id=26]<\/p>\n<p>[gview file=&#8220;http:\/\/historischer-verein-speyer.de\/html\/wp-content\/uploads\/2013\/11\/VortragLerche.pdf&#8220;]<\/p>\n","protected":false},"excerpt":{"rendered":"<p>&nbsp; Mit einer bisher in der Forschung vernachl\u00e4ssigten Berufs- und Sozialgruppe, n\u00e4mlich den (kur-)pf\u00e4lzischen milit\u00e4rischen Oberbefehlshabern um 1800 befasste sich ein Vortrag bei der Bezirksgruppe Speyer im Historischen Verein der Pfalz am Montag, den18. November. Immer schon geh\u00f6rten gro\u00dfe Feldherrn wie Friedrich der Gro\u00dfe und Bl\u00fccher etc. und oberste F\u00fchrungsgruppen zum traditionellen Kanon der deutschen [&hellip;]<\/p>\n","protected":false},"author":2,"featured_media":0,"comment_status":"open","ping_status":"open","sticky":false,"template":"","format":"standard","meta":{"footnotes":""},"categories":[13,8],"tags":[69,70,68,20],"class_list":["post-1011","post","type-post","status-publish","format-standard","hentry","category-videos","category-aufsatze-vortrage","tag-bayern","tag-generaele","tag-militaer","tag-pfalz"],"_links":{"self":[{"href":"http:\/\/historischer-verein-speyer.de\/index.php?rest_route=\/wp\/v2\/posts\/1011","targetHints":{"allow":["GET"]}}],"collection":[{"href":"http:\/\/historischer-verein-speyer.de\/index.php?rest_route=\/wp\/v2\/posts"}],"about":[{"href":"http:\/\/historischer-verein-speyer.de\/index.php?rest_route=\/wp\/v2\/types\/post"}],"author":[{"embeddable":true,"href":"http:\/\/historischer-verein-speyer.de\/index.php?rest_route=\/wp\/v2\/users\/2"}],"replies":[{"embeddable":true,"href":"http:\/\/historischer-verein-speyer.de\/index.php?rest_route=%2Fwp%2Fv2%2Fcomments&post=1011"}],"version-history":[{"count":9,"href":"http:\/\/historischer-verein-speyer.de\/index.php?rest_route=\/wp\/v2\/posts\/1011\/revisions"}],"predecessor-version":[{"id":1470,"href":"http:\/\/historischer-verein-speyer.de\/index.php?rest_route=\/wp\/v2\/posts\/1011\/revisions\/1470"}],"wp:attachment":[{"href":"http:\/\/historischer-verein-speyer.de\/index.php?rest_route=%2Fwp%2Fv2%2Fmedia&parent=1011"}],"wp:term":[{"taxonomy":"category","embeddable":true,"href":"http:\/\/historischer-verein-speyer.de\/index.php?rest_route=%2Fwp%2Fv2%2Fcategories&post=1011"},{"taxonomy":"post_tag","embeddable":true,"href":"http:\/\/historischer-verein-speyer.de\/index.php?rest_route=%2Fwp%2Fv2%2Ftags&post=1011"}],"curies":[{"name":"wp","href":"https:\/\/api.w.org\/{rel}","templated":true}]}}