{"id":1038,"date":"2014-01-02T18:45:23","date_gmt":"2014-01-02T16:45:23","guid":{"rendered":"http:\/\/historischer-verein-speyer.de\/?p=1038"},"modified":"2014-01-02T18:45:23","modified_gmt":"2014-01-02T16:45:23","slug":"2013-110-jahre-stadthaus","status":"publish","type":"post","link":"http:\/\/historischer-verein-speyer.de\/?p=1038","title":{"rendered":"2013: 110 Jahre Stadthaus"},"content":{"rendered":"<p align=\"JUSTIFY\"><span style=\"font-family: Arial,sans-serif;\"><span style=\"font-size: small;\"><b>110 Jahre Stadthaus<\/b><\/span><\/span><\/p>\n<p align=\"JUSTIFY\"><span style=\"font-family: Arial,sans-serif;\"><span style=\"font-size: small;\">Auf das Dienstzimmer des Stadtoberhaupts beschr\u00e4nkt und daher von der \u00d6ffentlichkeit unbemerkt, feierte die Stadtverwaltung am 1. Oktober 2013 ein Jubil\u00e4um: 110 Jahre Stadthaus. Gastgeber waren Oberb\u00fcrgermeister Hansj\u00f6rg Eger Oberhaupt und wohl auch Hartmut H\u00fcfken, Gesch\u00e4ftsf\u00fchrer der Deutschen Rentenversicherung Rheinland-Pfalz (DRV). Denn unter dessen f\u00fcnften &#8222;Amtsvorg\u00e4nger&#8220; August Kremer hatte der in Speyer wohnende deutsch-\u00f6sterreichische Architekt Franz Sch\u00f6berl den Repr\u00e4sentativbau aus lothringischem Sandstein gegen\u00fcber dem Dom errichtet.<\/span><\/span><\/p>\n<p align=\"JUSTIFY\"><a href=\"http:\/\/historischer-verein-speyer.de\/html\/wp-content\/uploads\/2014\/01\/DSCF1056.jpg\"><img loading=\"lazy\" decoding=\"async\" class=\"aligncenter size-thumbnail wp-image-1040\" alt=\"DSCF1056\" src=\"http:\/\/historischer-verein-speyer.de\/html\/wp-content\/uploads\/2014\/01\/DSCF1056-150x150.jpg\" width=\"150\" height=\"150\" \/><\/a><\/p>\n<p align=\"JUSTIFY\"><span style=\"font-family: Arial,sans-serif;\"><span style=\"font-size: small;\">Am 1. Oktober 2013 waren es 110 Jahre her, dass die Vorl\u00e4uferin der DRV, die am 1. Januar 1891 gegr\u00fcndete Versicherungsanstalt f\u00fcr die Pfalz (sp\u00e4ter als LVA bis heute bekannt geblieben) auf dem Gel\u00e4nde des Jahrhunderte alten, 1902 abgerissenen &#8222;Hauses zum Trutzpfaff&#8220; neu bauen lie\u00df. Und dann vom heutigen Sitz der Museumsverwaltung aus dem Haus \u201eZum gro\u00dfen Senfgarten\u201c am Domplatz 4 umzog.<\/span><\/span><\/p>\n<p align=\"JUSTIFY\"><span style=\"font-family: Arial,sans-serif;\"><span style=\"font-size: small;\">In dem von Fremden gelegentlich f\u00fcr das &#8222;Speyerer Schloss&#8220; gehaltenen ornamentreichen Geb\u00e4ude mit seinen dreieinhalb Stockwerken blieben die &#8222;Versicherer&#8220; von 1903 bis 1960. Dann bezogen sie ihr neues Hochhaus im Speyerer Westen und die Stadtspitze wechselte vom alten Rathaus ins &#8222;neue&#8220; Stadthaus. <\/span><\/span><\/p>\n<p align=\"JUSTIFY\"><a href=\"http:\/\/historischer-verein-speyer.de\/html\/wp-content\/uploads\/2014\/01\/DSCF1060.jpg\"><img loading=\"lazy\" decoding=\"async\" class=\"alignnone size-thumbnail wp-image-1043\" alt=\"DSCF1060\" src=\"http:\/\/historischer-verein-speyer.de\/html\/wp-content\/uploads\/2014\/01\/DSCF1060-150x150.jpg\" width=\"150\" height=\"150\" \/><\/a>\u00a0 <a href=\"http:\/\/historischer-verein-speyer.de\/html\/wp-content\/uploads\/2014\/01\/DSCF1059.jpg\"><img loading=\"lazy\" decoding=\"async\" class=\"alignnone size-thumbnail wp-image-1042\" alt=\"DSCF1059\" src=\"http:\/\/historischer-verein-speyer.de\/html\/wp-content\/uploads\/2014\/01\/DSCF1059-150x150.jpg\" width=\"150\" height=\"150\" \/><\/a>\u00a0 <a href=\"http:\/\/historischer-verein-speyer.de\/html\/wp-content\/uploads\/2014\/01\/DSCF1061.jpg\"><img loading=\"lazy\" decoding=\"async\" class=\"alignnone size-thumbnail wp-image-1044\" alt=\"DSCF1061\" src=\"http:\/\/historischer-verein-speyer.de\/html\/wp-content\/uploads\/2014\/01\/DSCF1061-150x150.jpg\" width=\"150\" height=\"150\" \/><\/a><\/p>\n<p align=\"JUSTIFY\"><span style=\"font-family: Arial,sans-serif;\"><span style=\"font-size: small;\">Aber w\u00e4hrend die DRV ihre heute 1300 Mitarbeitern\/innen im Hochhaus und zwei weiteren Geb\u00e4uden nahe beieinander hat, verteilen sich die 947 &#8222;St\u00e4dtischen&#8220; auf immerhin sieben\u00a0 Geb\u00e4ude. 92 Bedienstete davon arbeiten in den 82 Dienstzimmern des Stadthauses: In 17 R\u00e4umen des Erdgeschosses, 21 und 23 des ersten und zweiten Obergeschosses sowie 21 des Dachgeschosses.<\/span><\/span><\/p>\n<p align=\"JUSTIFY\"><span style=\"font-family: Arial,sans-serif;\"><span style=\"font-size: small;\">Leger ging es beim &#8222;Geburtstag&#8220; im Dienstzimmer des Stadtoberhauptes zu. Wobei es sich herausstellte, dass Egers Amtszimmer mit rund 60 qm gut 20 qm mehr gr\u00f6\u00dfer ist als das des DRV-Chefs H\u00fcfken. Obwohl der &#8222;mehr Leute unter sich hat&#8220;. \u00a0<b>&#8211; Text: Wolfgang Kauer, Bilder: Vidmayer<br \/>\n<\/b><\/span><\/span><\/p>\n","protected":false},"excerpt":{"rendered":"<p>110 Jahre Stadthaus Auf das Dienstzimmer des Stadtoberhaupts beschr\u00e4nkt und daher von der \u00d6ffentlichkeit unbemerkt, feierte die Stadtverwaltung am 1. Oktober 2013 ein Jubil\u00e4um: 110 Jahre Stadthaus. Gastgeber waren Oberb\u00fcrgermeister Hansj\u00f6rg Eger Oberhaupt und wohl auch Hartmut H\u00fcfken, Gesch\u00e4ftsf\u00fchrer der Deutschen Rentenversicherung Rheinland-Pfalz (DRV). Denn unter dessen f\u00fcnften &#8222;Amtsvorg\u00e4nger&#8220; August Kremer hatte der in Speyer [&hellip;]<\/p>\n","protected":false},"author":2,"featured_media":0,"comment_status":"open","ping_status":"open","sticky":false,"template":"","format":"standard","meta":{"footnotes":""},"categories":[11],"tags":[75,73,74],"class_list":["post-1038","post","type-post","status-publish","format-standard","hentry","category-stadtgeschichte","tag-kauer","tag-lva","tag-stadthaus"],"_links":{"self":[{"href":"http:\/\/historischer-verein-speyer.de\/index.php?rest_route=\/wp\/v2\/posts\/1038","targetHints":{"allow":["GET"]}}],"collection":[{"href":"http:\/\/historischer-verein-speyer.de\/index.php?rest_route=\/wp\/v2\/posts"}],"about":[{"href":"http:\/\/historischer-verein-speyer.de\/index.php?rest_route=\/wp\/v2\/types\/post"}],"author":[{"embeddable":true,"href":"http:\/\/historischer-verein-speyer.de\/index.php?rest_route=\/wp\/v2\/users\/2"}],"replies":[{"embeddable":true,"href":"http:\/\/historischer-verein-speyer.de\/index.php?rest_route=%2Fwp%2Fv2%2Fcomments&post=1038"}],"version-history":[{"count":3,"href":"http:\/\/historischer-verein-speyer.de\/index.php?rest_route=\/wp\/v2\/posts\/1038\/revisions"}],"predecessor-version":[{"id":1045,"href":"http:\/\/historischer-verein-speyer.de\/index.php?rest_route=\/wp\/v2\/posts\/1038\/revisions\/1045"}],"wp:attachment":[{"href":"http:\/\/historischer-verein-speyer.de\/index.php?rest_route=%2Fwp%2Fv2%2Fmedia&parent=1038"}],"wp:term":[{"taxonomy":"category","embeddable":true,"href":"http:\/\/historischer-verein-speyer.de\/index.php?rest_route=%2Fwp%2Fv2%2Fcategories&post=1038"},{"taxonomy":"post_tag","embeddable":true,"href":"http:\/\/historischer-verein-speyer.de\/index.php?rest_route=%2Fwp%2Fv2%2Ftags&post=1038"}],"curies":[{"name":"wp","href":"https:\/\/api.w.org\/{rel}","templated":true}]}}