{"id":1056,"date":"2014-01-04T12:04:25","date_gmt":"2014-01-04T10:04:25","guid":{"rendered":"http:\/\/historischer-verein-speyer.de\/?p=1056"},"modified":"2014-01-04T12:04:25","modified_gmt":"2014-01-04T10:04:25","slug":"thurmuhrenfabrik-porth","status":"publish","type":"post","link":"http:\/\/historischer-verein-speyer.de\/?p=1056","title":{"rendered":"T(h)urmuhrenfabrik Porth"},"content":{"rendered":"<p align=\"JUSTIFY\"><span style=\"font-family: Arial,sans-serif;\"><span style=\"font-size: small;\"><b>T(h)urmuhrenfabrik Porth<\/b><\/span><\/span><\/p>\n<p align=\"JUSTIFY\"><span style=\"font-family: Arial,sans-serif;\"><span style=\"font-size: small;\">Nach Auskunft der Stadtverwaltung soll Mitte August 2013 der neu gestaltete St.-Guido-Stifts-Platz wieder ganz f\u00fcr den Verkehr frei gegeben und am 4. September offiziell eingeweiht werden. Ein imposantes Haus am s\u00fcdlichen Abschluss des dortigen Geb\u00e4udeensemble steht freilich schon lange nicht mehr: Die &#8222;Thurmuhrenfabrik&#8220; Porth, Wormser Stra\u00dfe 30.<\/span><\/span><\/p>\n<p align=\"JUSTIFY\"><a href=\"http:\/\/historischer-verein-speyer.de\/html\/wp-content\/uploads\/2014\/01\/661-Porth-1955-File0026.jpg\"><img loading=\"lazy\" decoding=\"async\" class=\"aligncenter size-medium wp-image-1060\" alt=\"661   Porth 1955 File0026\" src=\"http:\/\/historischer-verein-speyer.de\/html\/wp-content\/uploads\/2014\/01\/661-Porth-1955-File0026-300x220.jpg\" width=\"300\" height=\"220\" srcset=\"http:\/\/historischer-verein-speyer.de\/html\/wp-content\/uploads\/2014\/01\/661-Porth-1955-File0026-300x220.jpg 300w, http:\/\/historischer-verein-speyer.de\/html\/wp-content\/uploads\/2014\/01\/661-Porth-1955-File0026-1024x751.jpg 1024w, http:\/\/historischer-verein-speyer.de\/html\/wp-content\/uploads\/2014\/01\/661-Porth-1955-File0026.jpg 1207w\" sizes=\"auto, (max-width: 300px) 100vw, 300px\" \/><\/a><\/p>\n<p align=\"JUSTIFY\"><span style=\"font-family: Arial,sans-serif;\"><span style=\"font-size: small;\">Richtig gelesen &#8211; mit &#8222;h&#8220; im Turm. Denn als der &#8222;Mechanicus und Uhrmacher&#8220; Johann Georg Porth oder einer seiner S\u00f6hne den breiten Schriftzug quer \u00fcber die Vorderseite des noch breiteren Hauses malen lie\u00df, schrieb man Turm eben Thurm. Vor etwa 180 Jahren war das und das gro\u00dfe, 1809\/10 angelegte Areal davor hie\u00df anfangs noch Weidenbergplatz.<\/span><\/span><\/p>\n<p align=\"JUSTIFY\"><span style=\"font-family: Arial,sans-serif;\"><span style=\"font-size: small;\">Die Geschichte des Ende Dezember 1955 abgerissenen dreist\u00f6ckigen Hauses mit dem gewaltigen Dach und einem T\u00fcrmchen obendrauf ist auch ein\u00a0 St\u00fcck Speyerer Historie. Recherchen der Stadtarchivarin Katrin Hopstock und der RHEINPFALZ f\u00f6rderten folgende Einzelheiten zu Tage.<\/span><\/span><\/p>\n<p align=\"JUSTIFY\"><span style=\"font-family: Arial,sans-serif;\"><span style=\"font-size: small;\">Am 1. Dezember 1833 verkauften Sophia Reiling und ihre Kinder einen 1818 von ihrem verstorbenen Mann erworbenen, gro\u00dfz\u00fcgig ausgebauten, aber nicht unterkellerten Besitz samt darin untergebrachter Wirtschaft mit Tanzsaal an Johann Georg Porth (1795 &#8211; 1867). Der stammte aus dem nordpf\u00e4lzischen Gaugrehweiler, hatte seinen Betrieb 1825 gegr\u00fcndet und war angeblich wegen des Baues der neuen, 2400 Gulden teueren neuen Domuhr nach Speyer gezogen. <\/span><\/span><\/p>\n<p align=\"JUSTIFY\"><span style=\"font-family: Arial,sans-serif;\"><span style=\"font-size: small;\">Johann Georg Porth und seine jeweiligen Nachfolger &#8211; der vornamensgleicher \u00e4lteste Sohn,\u00a0 Enkel Karl Friedrich, Urenkel Ludwig Erwin Porth &#8211; waren vielerorts t\u00e4tig. Sie arbeiteten um 1830 (damals noch nicht als Speyerer) f\u00fcr die katholische Kirche in Otterstadt, 1860 f\u00fcr das Pirmasenser Kloster der Franziskanerinnen. Zwischen 1862 und 1875 fertigte die &#8222;Thurmuhrenfabrik Porth&#8220;, die einzige ihrer Art in der Pfalz, Gemeinde-Turmuhren f\u00fcr Hanhofen, Nieder-Ingelheim\/Kreis Bingen, Gleiszellen und Gleishorbach an. Offenbar aber f\u00fchrte der Firmengr\u00fcnder auch einen anderen Gesch\u00e4ftszweig. Jedenfalls wird im Ortsteil Lienzingen der Stadt M\u00fchlacker \u00a0eine Feuerwehrspritze aufbewahrt, deren Sockel beschriftet ist mit &#8222;Gefertigt f\u00fcr die Gde. Lienzingen von Johann Georg Porth 1861&#8220;.<\/span><\/span><\/p>\n<p align=\"JUSTIFY\"><span style=\"font-family: Arial,sans-serif;\"><span style=\"font-size: small;\">Ludwig Erwin Porth leitete den Betrieb von 1911 bis 1959. Er ver\u00e4u\u00dferte das Anwesen an der s\u00fcdlichen Stirnseite des St.-Guido-Stifts-Platzes, Ecke Wormser Stra\u00dfe\/Armbrustra\u00dfe, etwa um 1922 und verlegte die Firma zwischen 1932 und 1934 in die Werkstra\u00dfe. Da sein als Nachfolger vorgesehener Sohn Karl Heinz in Russland geblieben war, \u00fcbernahm sein Schwager Fritz Hofmann den Traditionsbetrieb. Der bestand bis Anfang der 1970-er.<\/span><\/span><\/p>\n<p align=\"JUSTIFY\"><span style=\"font-family: Arial,sans-serif;\"><span style=\"font-size: small;\">Das &#8222;Thurmuhrenfabrik&#8220;-Geb\u00e4ude am St.-Guido-Stifts-Platz verfiel samt Schriftzug immer mehr. Die fr\u00fchere &#8222;Tagespost&#8220; vermeldete 1955 &#8222;vom Dach bis zum Stra\u00dfenpflaster einen gef\u00e4hrlichen\u00a0Riss durch das dicke Mauerwerk&#8220;. Passanten registrierten gel\u00f6sten Verputz und herunterfallende Ziegel.<\/span><\/span><\/p>\n<p align=\"JUSTIFY\"><span style=\"font-family: Arial,sans-serif;\"><span style=\"font-size: small;\">Ende Dezember 1955 wurde das in die Jahre gekommene gro\u00dfe Haus abgerissen. An seiner Stelle entstand ein nicht minder imposantes Geb\u00e4ude mit einer Autoglaserei (vorher Tankstelle), einem Gesch\u00e4ft f\u00fcr Tierfotografie nebst Kalenderverlag und Wohnungen. \u00a0<b>&#8211; Wolfgang Kauer (aus der Reihe: Stadtgeschichte(n) in der RHEINPFALZ, 2013); Bild: Frau Cantzler<br \/>\n<\/b><\/span><\/span><\/p>\n","protected":false},"excerpt":{"rendered":"<p>T(h)urmuhrenfabrik Porth Nach Auskunft der Stadtverwaltung soll Mitte August 2013 der neu gestaltete St.-Guido-Stifts-Platz wieder ganz f\u00fcr den Verkehr frei gegeben und am 4. September offiziell eingeweiht werden. Ein imposantes Haus am s\u00fcdlichen Abschluss des dortigen Geb\u00e4udeensemble steht freilich schon lange nicht mehr: Die &#8222;Thurmuhrenfabrik&#8220; Porth, Wormser Stra\u00dfe 30. Richtig gelesen &#8211; mit &#8222;h&#8220; im [&hellip;]<\/p>\n","protected":false},"author":2,"featured_media":0,"comment_status":"open","ping_status":"open","sticky":false,"template":"","format":"standard","meta":{"footnotes":""},"categories":[11],"tags":[75,76,77],"class_list":["post-1056","post","type-post","status-publish","format-standard","hentry","category-stadtgeschichte","tag-kauer","tag-st-guido-stifts-platz","tag-turmuhrenfabrik"],"_links":{"self":[{"href":"http:\/\/historischer-verein-speyer.de\/index.php?rest_route=\/wp\/v2\/posts\/1056","targetHints":{"allow":["GET"]}}],"collection":[{"href":"http:\/\/historischer-verein-speyer.de\/index.php?rest_route=\/wp\/v2\/posts"}],"about":[{"href":"http:\/\/historischer-verein-speyer.de\/index.php?rest_route=\/wp\/v2\/types\/post"}],"author":[{"embeddable":true,"href":"http:\/\/historischer-verein-speyer.de\/index.php?rest_route=\/wp\/v2\/users\/2"}],"replies":[{"embeddable":true,"href":"http:\/\/historischer-verein-speyer.de\/index.php?rest_route=%2Fwp%2Fv2%2Fcomments&post=1056"}],"version-history":[{"count":5,"href":"http:\/\/historischer-verein-speyer.de\/index.php?rest_route=\/wp\/v2\/posts\/1056\/revisions"}],"predecessor-version":[{"id":1063,"href":"http:\/\/historischer-verein-speyer.de\/index.php?rest_route=\/wp\/v2\/posts\/1056\/revisions\/1063"}],"wp:attachment":[{"href":"http:\/\/historischer-verein-speyer.de\/index.php?rest_route=%2Fwp%2Fv2%2Fmedia&parent=1056"}],"wp:term":[{"taxonomy":"category","embeddable":true,"href":"http:\/\/historischer-verein-speyer.de\/index.php?rest_route=%2Fwp%2Fv2%2Fcategories&post=1056"},{"taxonomy":"post_tag","embeddable":true,"href":"http:\/\/historischer-verein-speyer.de\/index.php?rest_route=%2Fwp%2Fv2%2Ftags&post=1056"}],"curies":[{"name":"wp","href":"https:\/\/api.w.org\/{rel}","templated":true}]}}