{"id":1074,"date":"2014-01-10T09:38:58","date_gmt":"2014-01-10T07:38:58","guid":{"rendered":"http:\/\/historischer-verein-speyer.de\/?p=1074"},"modified":"2014-01-10T09:40:26","modified_gmt":"2014-01-10T07:40:26","slug":"cholera-rafft-ueber-200-speyerer-hinweg","status":"publish","type":"post","link":"http:\/\/historischer-verein-speyer.de\/?p=1074","title":{"rendered":"Cholera rafft \u00fcber 200 Speyerer hinweg"},"content":{"rendered":"<p><b>Letzte gro\u00dfe Epidemie vor 140 Jahren &#8211; Auch in Waldsee Tote<\/b><\/p>\n<p>F\u00fcnf Tage, nachdem er ins Hospital gebracht worden war, starb der Maurer Bummier. Das war am 25. August 1873. Der 42-j\u00e4hrige Familienvater war das erste Opfer der letzten gro\u00dfen in Speyer w\u00fctenden Epidemie: Die Cholera vor 140 Jahren forderte in der 13.000 Einwohner z\u00e4hlenden Stadt innerhalb von nicht ganz drei Monaten 202 Tote.<\/p>\n<p><a href=\"http:\/\/historischer-verein-speyer.de\/html\/wp-content\/uploads\/2014\/01\/Cholera_bacteria_SEM.jpg\"><img loading=\"lazy\" decoding=\"async\" class=\"aligncenter size-thumbnail wp-image-1076\" alt=\"Cholera_bacteria_SEM\" src=\"http:\/\/historischer-verein-speyer.de\/html\/wp-content\/uploads\/2014\/01\/Cholera_bacteria_SEM-150x150.jpg\" width=\"150\" height=\"150\" \/><\/a><\/p>\n<p>Seuchen hatten Speyer im ausgehenden Mittelalter \u00f6fter heimgesucht. Vor allem fehlende Hygiene im Trinkwasser, bei der Nahrung und in Unterk\u00fcnften sowie Unrat in den Gassen sollen zwischen 1314 und 1574 Tausenden das Leben gekostet haben &#8211; als Folgen von &#8222;Pestilentz&#8220;, womit die Pest und wohl auch die Cholera gemeint waren. Die war auch 1866 in Speyer aufgetreten, allerdings nur vereinzelt.<\/p>\n<p>Vor 140 Jahren w\u00fctete die schwere Darmerkrankung vor allem dort, wo es arme Speyerer gab: In den Gebieten der Lauergasse, Halbes Dach, St\u00fcber-, Steinmetz-, Mehl- und M\u00f6rschgasse, Armbrustra\u00dfe, wo meist Tagel\u00f6hner und ihre Familien oft auf kleinstem Wohnraum zusammengedr\u00e4ngt hausten. Aber auch anderswo gab es Choleraf\u00e4lle, unter anderem in der heutigen Karmeliterstra\u00dfe. Insgesamt erkrankten 418 Speyerer, in Waldsee starben zwei M\u00e4nner daran.<\/p>\n<p>&#8222;Die Cholera in Speyer und Waldsee 1873&#8220; hei\u00dft ein Beitrag von Bernhard Kukatzki, in dem der Schifferstadter Historiker auch schildert, wie die &#8222;asiatische Brechruhr&#8220; an den Rhein gelangte. Urspr\u00fcnglich auf S\u00fcdostasien beschr\u00e4nkt, war die Cholera in jenem Jahr in Ungarn aufgetreten und bewegte sich \u00fcber Wien und M\u00fcnchen bis nach Speyer als ihrem &#8222;letzten westlichen Ausl\u00e4ufer&#8220; vor.<\/p>\n<p>F\u00fcr Speyer hatte die Epidemie auch insofern Folgen, als sie auch eine wirtschaftliche Krise nach sich zog. In dem erw\u00e4hnten Beitrag hei\u00dft es dazu: &#8222;Von Ende August an, als das Auftreten der Seuche in Speyer durch \u00f6ffentliche\u00a0 Bl\u00e4tter bekannt wurde, vermied man sofort den Besuch der Stadt. Der Fremdenverkehr, sonst im September am lebhaftesten w\u00e4hren des ganzen Jahres, h\u00f6rte bald auf, anfangs erschienen noch Gesch\u00e4ftsreisende. Als aber von Mitte September an die Krankheit zunahm, war die Ver\u00f6dung der Stadt vollst\u00e4ndig&#8220;.<\/p>\n<p>Wer von den Speyerer B\u00fcrgern es sich leisten konnte, sei geflohen. Sie h\u00e4tten aber &#8222;ausw\u00e4rts nicht immer willige Aufnahme&#8220; gefunden und waren &#8222;zum Teil gezwungen, ihre Heimat zu verleugnen&#8220;. Auch die Ausfuhr von Speyerer Waren habe aufgeh\u00f6rt, &#8222;selbst bereits erhaltene wurden zur\u00fcckgesandt, Bestellungen telegraphisch zur\u00fcckgenommen&#8220;. Auch die drei Wochenm\u00e4rkte seien schwach beschickt gewesen.<\/p>\n<p>Die \u00c4rzte Joseph von Heine und Friedrich August M\u00fchlh\u00e4user suchten nach den Gr\u00fcnden der Cholera-Epidemie in Speyer. Sie kamen zu der Erkenntnis, dass Ess- und Trinkm\u00f6glichkeiten des armen Bev\u00f6lkerungsteils nicht die Ausl\u00f6ser gewesen sein k\u00f6nnen, wenngleich sie &#8222;durch hohe Preise der ersten Lebensbed\u00fcrfnisse in Ern\u00e4hrung und K\u00f6rperkraft etwas zur\u00fcckgehalten wird&#8220;. Die Empfehlung der Mediziner: Verbesserung der hygienischen Verh\u00e4ltnisse. <b>&#8211; Wolfgang Kauer (aus der Reihe: Stadtgeschichte(n) in der RHEINPFALZ, 2013), Bild: wikipedia<\/b><\/p>\n","protected":false},"excerpt":{"rendered":"<p>Letzte gro\u00dfe Epidemie vor 140 Jahren &#8211; Auch in Waldsee Tote F\u00fcnf Tage, nachdem er ins Hospital gebracht worden war, starb der Maurer Bummier. Das war am 25. August 1873. Der 42-j\u00e4hrige Familienvater war das erste Opfer der letzten gro\u00dfen in Speyer w\u00fctenden Epidemie: Die Cholera vor 140 Jahren forderte in der 13.000 Einwohner z\u00e4hlenden [&hellip;]<\/p>\n","protected":false},"author":2,"featured_media":0,"comment_status":"open","ping_status":"open","sticky":false,"template":"","format":"standard","meta":{"footnotes":""},"categories":[11],"tags":[80,75,82,15,81],"class_list":["post-1074","post","type-post","status-publish","format-standard","hentry","category-stadtgeschichte","tag-cholera","tag-kauer","tag-seuche","tag-speyer","tag-tod"],"_links":{"self":[{"href":"http:\/\/historischer-verein-speyer.de\/index.php?rest_route=\/wp\/v2\/posts\/1074","targetHints":{"allow":["GET"]}}],"collection":[{"href":"http:\/\/historischer-verein-speyer.de\/index.php?rest_route=\/wp\/v2\/posts"}],"about":[{"href":"http:\/\/historischer-verein-speyer.de\/index.php?rest_route=\/wp\/v2\/types\/post"}],"author":[{"embeddable":true,"href":"http:\/\/historischer-verein-speyer.de\/index.php?rest_route=\/wp\/v2\/users\/2"}],"replies":[{"embeddable":true,"href":"http:\/\/historischer-verein-speyer.de\/index.php?rest_route=%2Fwp%2Fv2%2Fcomments&post=1074"}],"version-history":[{"count":2,"href":"http:\/\/historischer-verein-speyer.de\/index.php?rest_route=\/wp\/v2\/posts\/1074\/revisions"}],"predecessor-version":[{"id":1077,"href":"http:\/\/historischer-verein-speyer.de\/index.php?rest_route=\/wp\/v2\/posts\/1074\/revisions\/1077"}],"wp:attachment":[{"href":"http:\/\/historischer-verein-speyer.de\/index.php?rest_route=%2Fwp%2Fv2%2Fmedia&parent=1074"}],"wp:term":[{"taxonomy":"category","embeddable":true,"href":"http:\/\/historischer-verein-speyer.de\/index.php?rest_route=%2Fwp%2Fv2%2Fcategories&post=1074"},{"taxonomy":"post_tag","embeddable":true,"href":"http:\/\/historischer-verein-speyer.de\/index.php?rest_route=%2Fwp%2Fv2%2Ftags&post=1074"}],"curies":[{"name":"wp","href":"https:\/\/api.w.org\/{rel}","templated":true}]}}