{"id":1079,"date":"2014-01-12T10:52:26","date_gmt":"2014-01-12T08:52:26","guid":{"rendered":"http:\/\/historischer-verein-speyer.de\/?p=1079"},"modified":"2014-01-12T10:52:26","modified_gmt":"2014-01-12T08:52:26","slug":"seit-60-jahren-praegt-die-st-bernhardskirche-den-st-guido-stiftsplatz","status":"publish","type":"post","link":"http:\/\/historischer-verein-speyer.de\/?p=1079","title":{"rendered":"Seit 60 Jahren pr\u00e4gt die St. Bernhardskirche den St.-Guido-Stiftsplatz"},"content":{"rendered":"<p align=\"JUSTIFY\"><span style=\"font-family: Arial,sans-serif;\"><span style=\"font-size: small;\"><b>Symbol f\u00fcr grenzenloses Europa<\/b><\/span><\/span><\/p>\n<p align=\"JUSTIFY\"><span style=\"font-family: Arial,sans-serif;\"><span style=\"font-size: small;\">Prominenz vor und inmitten einer nach Tausenden z\u00e4hlenden Menschenmenge: Der St.-Guido-Stifts-Platz erlebte am 23. August 1953 seinen bis heute gr\u00f6\u00dften Andrang. An diesem Sonntag vor 60 Jahren wurde der Grundstein zur Kirche St. Bernhard gelegt. Sie und ihr Glockenturm bestimmen bis heute das nordwestliche Bild der der Gesamtanlage.<\/span><\/span><\/p>\n<p align=\"JUSTIFY\"><a href=\"http:\/\/historischer-verein-speyer.de\/html\/wp-content\/uploads\/2014\/01\/Der-Pilger-Bernhardskirche.jpg\"><img loading=\"lazy\" decoding=\"async\" class=\"aligncenter size-thumbnail wp-image-1081\" alt=\"Der Pilger - Bernhardskirche\" src=\"http:\/\/historischer-verein-speyer.de\/html\/wp-content\/uploads\/2014\/01\/Der-Pilger-Bernhardskirche-150x150.jpg\" width=\"150\" height=\"150\" \/><\/a><\/p>\n<p align=\"JUSTIFY\"><span style=\"font-family: Arial,sans-serif;\"><span style=\"font-size: small;\">Die VIP-Liste zur Grundsteinlegung liest sich wie ein Auszug aus dem &#8222;Adelsregister&#8220; der Politik: Bundeskanzler Konrad Adenauer, der fr\u00fchere franz\u00f6sische Ministerpr\u00e4sident und Au\u00dfenminister Robert Schuman, Frankreichs Botschafter Andr\u00e9 Francois-Poncet, der rheinland-pf\u00e4lzische Ministerpr\u00e4sident Peter Altmeier, der bayerische Landtagspr\u00e4sident Alois Hundhammer, der pf\u00e4lzische Regierungspr\u00e4sident\u00a0 Franz Pfeiffer. Dazu gesellten sich jede Menge Bundestags- und Landtagsabgeordnete und hohe franz\u00f6sische Offiziere (die Bundeswehr gibt es erst seit erst 1955).<\/span><\/span><\/p>\n<p align=\"JUSTIFY\"><span style=\"font-family: Arial,sans-serif;\"><span style=\"font-size: small;\">Acht Jahre nach dem 2. Weltkrieg hatten sich Deutsche und Franzosen am &#8222;Schicksalsstrom&#8220; Rhein in Speyer zum ersten gro\u00dfen Gemeinschaftsprojekt gefunden. Die alte Domstadt schien daf\u00fcr der geeignete Ort. War es doch am 27. Dezember 1146 dem burgundischen Zisterzienserm\u00f6nch Bernard de Clairvaux gelungen, nach den Franzosen auch die Deutschen f\u00fcr einen gemeinsamen Kreuzzug zu gewinnen.<\/span><\/span><\/p>\n<p align=\"JUSTIFY\"><span style=\"font-family: Arial,sans-serif;\"><span style=\"font-size: small;\">Die Friedensbem\u00fchungen in beiden L\u00e4ndern fanden im Grenzbistum Speyer schon bald nach 1945 engagierte Unterst\u00fctzer. Speyerer Geistliche trafen sich mit Kollegen aus Elsass und Lothringen, die Pax-Christi-Bewegung und die Christliche Arbeiterjugend kn\u00fcpften Verbindungen. Joseph Schwarz, sp\u00e4ter erster Pfarrer in St. Bernhard und danach Domkapitular, pflegte ab 1946 Kontakte zu Priestern in Paris und Lourdes.<\/span><\/span><\/p>\n<p align=\"JUSTIFY\"><span style=\"font-family: Arial,sans-serif;\"><span style=\"font-size: small;\">Der Bau der am 24. September 1954 eingeweihten Kirche, Symbol f\u00fcr ein neues, die Grenzen \u00fcberwindendes Europa, kostete 600.000 Mark. Die H\u00e4lfte davon \u00fcbergab der Bischof von Metz, Jean Heintz, bei der Grundsteinlegung. Er hatte zuvor im Dom ein Pontifikalamt zelebriert. Die 300.000-Mark-Spende \u00fcberreichte er bar, als Hundert-Mark-Scheine. Rheinland-Pfalz steuerte eine nicht n\u00e4her genannte &#8222;namhafte Summe&#8220; bei.<\/span><\/span><\/p>\n<p align=\"JUSTIFY\"><span style=\"font-family: Arial,sans-serif;\"><span style=\"font-size: small;\">Die Grundsteinlegung vollzog im Beisein des Speyerer Bischofs Isidor Markus Emanuel und des Domprobstes Hofen der erste Apostolische Nuntius in der Bundesrepublik, Aloysius Joseph Kardinal Muench, ein US-Amerikaner. Ansprachen hielten Robert Schuman und &#8211; sp\u00e4ter vom Balkon des Bischofhauses &#8211; Konrad Adenauer.<\/span><\/span><\/p>\n<p align=\"JUSTIFY\"><span style=\"font-family: Arial,sans-serif;\"><span style=\"font-size: small;\">In der Friedenskirche St. Bernhard mit ihren 450 Sitzpl\u00e4tzen und 72 Rundbogenfenstern, der gro\u00dfen Freitreppe und dem Kirchenvorplatz sowie dem freistehenden &#8222;Campanile&#8220; setzte sich auch ein Speyerer Architekt ein Denkmal. Die Ideenskizze von Ludwig Ihm wurde denen von sieben Kollegen vorgezogen. St. Bernhard ist seit dem 1. Mai 1982 nicht mehr eigenst\u00e4ndig und wird als Nebenkirche von der Dompfarrei verwaltet. \u00a0<b>&#8211; Wolfgang Kauer<b>\u00a0<b> (aus der Reihe: Stadtgeschichte(n) in der RHEINPFALZ, 2013)<\/b>, Bild: Der Pilger, Speyer<\/b><\/b><\/span><\/span><\/p>\n","protected":false},"excerpt":{"rendered":"<p>Symbol f\u00fcr grenzenloses Europa Prominenz vor und inmitten einer nach Tausenden z\u00e4hlenden Menschenmenge: Der St.-Guido-Stifts-Platz erlebte am 23. August 1953 seinen bis heute gr\u00f6\u00dften Andrang. An diesem Sonntag vor 60 Jahren wurde der Grundstein zur Kirche St. Bernhard gelegt. Sie und ihr Glockenturm bestimmen bis heute das nordwestliche Bild der der Gesamtanlage. Die VIP-Liste zur [&hellip;]<\/p>\n","protected":false},"author":2,"featured_media":0,"comment_status":"open","ping_status":"open","sticky":false,"template":"","format":"standard","meta":{"footnotes":""},"categories":[11],"tags":[84,75,15,83],"class_list":["post-1079","post","type-post","status-publish","format-standard","hentry","category-stadtgeschichte","tag-friedenskirche","tag-kauer","tag-speyer","tag-st-bernhard"],"_links":{"self":[{"href":"http:\/\/historischer-verein-speyer.de\/index.php?rest_route=\/wp\/v2\/posts\/1079","targetHints":{"allow":["GET"]}}],"collection":[{"href":"http:\/\/historischer-verein-speyer.de\/index.php?rest_route=\/wp\/v2\/posts"}],"about":[{"href":"http:\/\/historischer-verein-speyer.de\/index.php?rest_route=\/wp\/v2\/types\/post"}],"author":[{"embeddable":true,"href":"http:\/\/historischer-verein-speyer.de\/index.php?rest_route=\/wp\/v2\/users\/2"}],"replies":[{"embeddable":true,"href":"http:\/\/historischer-verein-speyer.de\/index.php?rest_route=%2Fwp%2Fv2%2Fcomments&post=1079"}],"version-history":[{"count":2,"href":"http:\/\/historischer-verein-speyer.de\/index.php?rest_route=\/wp\/v2\/posts\/1079\/revisions"}],"predecessor-version":[{"id":1082,"href":"http:\/\/historischer-verein-speyer.de\/index.php?rest_route=\/wp\/v2\/posts\/1079\/revisions\/1082"}],"wp:attachment":[{"href":"http:\/\/historischer-verein-speyer.de\/index.php?rest_route=%2Fwp%2Fv2%2Fmedia&parent=1079"}],"wp:term":[{"taxonomy":"category","embeddable":true,"href":"http:\/\/historischer-verein-speyer.de\/index.php?rest_route=%2Fwp%2Fv2%2Fcategories&post=1079"},{"taxonomy":"post_tag","embeddable":true,"href":"http:\/\/historischer-verein-speyer.de\/index.php?rest_route=%2Fwp%2Fv2%2Ftags&post=1079"}],"curies":[{"name":"wp","href":"https:\/\/api.w.org\/{rel}","templated":true}]}}