{"id":1118,"date":"2014-01-16T09:48:30","date_gmt":"2014-01-16T07:48:30","guid":{"rendered":"http:\/\/historischer-verein-speyer.de\/?p=1118"},"modified":"2014-01-16T16:20:40","modified_gmt":"2014-01-16T14:20:40","slug":"historischer-verein-der-pfalz-einladung-zur-mitgliederversammlung","status":"publish","type":"post","link":"http:\/\/historischer-verein-speyer.de\/?p=1118","title":{"rendered":"Historischer Verein der Pfalz: Einladung zur Mitgliederversammlung"},"content":{"rendered":"<p><b>Historischer Verein der Pfalz:<\/b><\/p>\n<p>Einladung zur Mitgliederversammlung<\/p>\n<p>Liebe Mitglieder,<\/p>\n<p>zur Mitgliederversammlung am Samstag, dem <strong>22. M\u00e4rz 2014, 9.30 Uhr,<\/strong> im <strong>Stadtratsitzungssaal<\/strong> (R\u00fcckgeb\u00e4ude des Historischen Rathauses, Maximilianstra\u00dfe 12, Speyer), lade ich Sie ganz herzlich ein.<!--more--><\/p>\n<p>Tagesordnung<\/p>\n<p><b>\u00a0<\/b><\/p>\n<ol>\n<li>Begr\u00fc\u00dfung und Feststellung der Tagesordnung<\/li>\n<li>Gru\u00dfworte<\/li>\n<li>Bericht des Vorsitzenden<\/li>\n<li>Bericht des Direktors des Historischen Museums der Pfalz<\/li>\n<li>Bericht des Schatzmeisters<\/li>\n<li>Bericht des Vorsitzenden der Wissenschaftlichen Kommission<\/li>\n<li>Bericht der Revisoren<\/li>\n<li>Entlastung des Vorstandes<\/li>\n<li>Wahl der Wissenschaftlichen Kommission<\/li>\n<li>Wahl des Ausschusses<\/li>\n<li>Ehrungen f\u00fcr langj\u00e4hrige Mitgliedschaften<\/li>\n<li>Festlegung des Tagungsortes f\u00fcr Fr\u00fchjahr 2015<\/li>\n<\/ol>\n<p>&nbsp;<\/p>\n<p>Um 11.00 Uhr \u00a0\u00a0\u00a0\u00a0\u00a0\u00a0 Vortrag von Dr. Steven Ditsch, Impflingen,<\/p>\n<p>\u201cDis Manibus \u2013 Die r\u00f6mischen Grabdenkm\u00e4ler aus der Pfalz\u201c<\/p>\n<p>&nbsp;<\/p>\n<p>Anschlie\u00dfend Mittagspause<\/p>\n<p>&nbsp;<\/p>\n<p>Ab 14.00 Uhr\u00a0\u00a0\u00a0\u00a0\u00a0\u00a0\u00a0 1) F\u00fchrung durch das Stadtarchiv Speyer mit Dr. Joachim Kemper, ca. 1 Stunde, Treffpunkt: Stadtarchiv, Johannesstra\u00dfe 22<\/p>\n<p>oder<\/p>\n<p>2) Stadtf\u00fchrung durch das j\u00fcdische Speyer des 19. und 20. Jahrhunderts mit Sabrina Albers und Ingrid Kolbinger, ca. 1 \u00bd Stunden, Treffpunkt: Eingang zum Historisches Rathaus, Maximilianstra\u00dfe 12<\/p>\n<p>&nbsp;<\/p>\n<p>Speyer, den 7. Januar 2014<\/p>\n<p>&nbsp;<\/p>\n<p>gez.\u00a0\u00a0\u00a0\u00a0\u00a0\u00a0\u00a0\u00a0\u00a0\u00a0 Der Vorsitzende<\/p>\n<p>Werner Schineller<\/p>\n<p>Oberb\u00fcrgermeister a.D.<\/p>\n<p>Parkm\u00f6glichkeiten auf dem Festplatz unterhalb des Doms. Von dort mit den Buslinien 564 und 565 in die Maximilianstra\u00dfe. Vom Hauptbahnhof Speyer (S-Bahnlinien 3 und 4) besteht Anschluss vom Bahnhofsvorplatz mit den Buslinien 564, 565 und 568 in die Maximilianstra\u00dfe.<\/p>\n","protected":false},"excerpt":{"rendered":"<p>Historischer Verein der Pfalz: Einladung zur Mitgliederversammlung Liebe Mitglieder, zur Mitgliederversammlung am Samstag, dem 22. M\u00e4rz 2014, 9.30 Uhr, im Stadtratsitzungssaal (R\u00fcckgeb\u00e4ude des Historischen Rathauses, Maximilianstra\u00dfe 12, Speyer), lade ich Sie ganz herzlich ein.<\/p>\n","protected":false},"author":2,"featured_media":0,"comment_status":"open","ping_status":"open","sticky":false,"template":"","format":"standard","meta":{"footnotes":""},"categories":[1],"tags":[],"class_list":["post-1118","post","type-post","status-publish","format-standard","hentry","category-allgemein"],"_links":{"self":[{"href":"http:\/\/historischer-verein-speyer.de\/index.php?rest_route=\/wp\/v2\/posts\/1118","targetHints":{"allow":["GET"]}}],"collection":[{"href":"http:\/\/historischer-verein-speyer.de\/index.php?rest_route=\/wp\/v2\/posts"}],"about":[{"href":"http:\/\/historischer-verein-speyer.de\/index.php?rest_route=\/wp\/v2\/types\/post"}],"author":[{"embeddable":true,"href":"http:\/\/historischer-verein-speyer.de\/index.php?rest_route=\/wp\/v2\/users\/2"}],"replies":[{"embeddable":true,"href":"http:\/\/historischer-verein-speyer.de\/index.php?rest_route=%2Fwp%2Fv2%2Fcomments&post=1118"}],"version-history":[{"count":3,"href":"http:\/\/historischer-verein-speyer.de\/index.php?rest_route=\/wp\/v2\/posts\/1118\/revisions"}],"predecessor-version":[{"id":1123,"href":"http:\/\/historischer-verein-speyer.de\/index.php?rest_route=\/wp\/v2\/posts\/1118\/revisions\/1123"}],"wp:attachment":[{"href":"http:\/\/historischer-verein-speyer.de\/index.php?rest_route=%2Fwp%2Fv2%2Fmedia&parent=1118"}],"wp:term":[{"taxonomy":"category","embeddable":true,"href":"http:\/\/historischer-verein-speyer.de\/index.php?rest_route=%2Fwp%2Fv2%2Fcategories&post=1118"},{"taxonomy":"post_tag","embeddable":true,"href":"http:\/\/historischer-verein-speyer.de\/index.php?rest_route=%2Fwp%2Fv2%2Ftags&post=1118"}],"curies":[{"name":"wp","href":"https:\/\/api.w.org\/{rel}","templated":true}]}}