{"id":1249,"date":"2014-03-18T19:00:40","date_gmt":"2014-03-18T17:00:40","guid":{"rendered":"http:\/\/historischer-verein-speyer.de\/?p=1249"},"modified":"2014-03-18T19:00:40","modified_gmt":"2014-03-18T17:00:40","slug":"vortrag-17-03-2014-ein-gang-durch-die-architekturgeschichte-anhand-von-speyerer-beispielen","status":"publish","type":"post","link":"http:\/\/historischer-verein-speyer.de\/?p=1249","title":{"rendered":"Vortrag 17.03.2014: Ein Gang durch die Architekturgeschichte anhand von Speyerer Beispielen"},"content":{"rendered":"<p>Die gro\u00dfe historische Bedeutung Speyers l\u00e4sst sich vor allem auch an der Architektur ablesen. Mittelalter und Fr\u00fche Neuzeit sind zweifelsohne die Zeitabschnitte, in denen Speyer seine gr\u00f6\u00dfte Bedeutung erlangte, abrupt beendet durch die Zerst\u00f6rung im Pf\u00e4lzer Erbfolgekrieg 1689. Im Vortrag werden nicht nur wichtige Beispiele der Architekturgeschichte Speyers vorgestellt, im Mittelpunkt steht vielmehr die Frage: wie geht man mit den \u00fcberkommenen baulichen Zeitzeugen um? Welche Bedeutung kommt der Denkmalpflege zu und was k\u00f6nnen die Speyerer B\u00fcrger tun, um die Baukultur in Speyer zu bewahren?<\/p>\n<p>Dr. Anja Rasche ist Speyerer Kunsthistorikerin. Sie ist Mitglied im Vorstand der Bezirksgruppe Speyer des Historischen Vereins der Pfalz e.V.<\/p>\n<p>[flowplayer src=&#8217;20140317VortragRasche.flv&#8216;]<\/p>\n<p>&nbsp;<\/p>\n<p>[nggallery id=29]<\/p>\n","protected":false},"excerpt":{"rendered":"<p>Die gro\u00dfe historische Bedeutung Speyers l\u00e4sst sich vor allem auch an der Architektur ablesen. Mittelalter und Fr\u00fche Neuzeit sind zweifelsohne die Zeitabschnitte, in denen Speyer seine gr\u00f6\u00dfte Bedeutung erlangte, abrupt beendet durch die Zerst\u00f6rung im Pf\u00e4lzer Erbfolgekrieg 1689. Im Vortrag werden nicht nur wichtige Beispiele der Architekturgeschichte Speyers vorgestellt, im Mittelpunkt steht vielmehr die Frage: [&hellip;]<\/p>\n","protected":false},"author":2,"featured_media":0,"comment_status":"open","ping_status":"open","sticky":false,"template":"","format":"standard","meta":{"footnotes":""},"categories":[13,8],"tags":[114,113,15],"class_list":["post-1249","post","type-post","status-publish","format-standard","hentry","category-videos","category-aufsatze-vortrage","tag-architektur","tag-rasche","tag-speyer"],"_links":{"self":[{"href":"http:\/\/historischer-verein-speyer.de\/index.php?rest_route=\/wp\/v2\/posts\/1249","targetHints":{"allow":["GET"]}}],"collection":[{"href":"http:\/\/historischer-verein-speyer.de\/index.php?rest_route=\/wp\/v2\/posts"}],"about":[{"href":"http:\/\/historischer-verein-speyer.de\/index.php?rest_route=\/wp\/v2\/types\/post"}],"author":[{"embeddable":true,"href":"http:\/\/historischer-verein-speyer.de\/index.php?rest_route=\/wp\/v2\/users\/2"}],"replies":[{"embeddable":true,"href":"http:\/\/historischer-verein-speyer.de\/index.php?rest_route=%2Fwp%2Fv2%2Fcomments&post=1249"}],"version-history":[{"count":2,"href":"http:\/\/historischer-verein-speyer.de\/index.php?rest_route=\/wp\/v2\/posts\/1249\/revisions"}],"predecessor-version":[{"id":1251,"href":"http:\/\/historischer-verein-speyer.de\/index.php?rest_route=\/wp\/v2\/posts\/1249\/revisions\/1251"}],"wp:attachment":[{"href":"http:\/\/historischer-verein-speyer.de\/index.php?rest_route=%2Fwp%2Fv2%2Fmedia&parent=1249"}],"wp:term":[{"taxonomy":"category","embeddable":true,"href":"http:\/\/historischer-verein-speyer.de\/index.php?rest_route=%2Fwp%2Fv2%2Fcategories&post=1249"},{"taxonomy":"post_tag","embeddable":true,"href":"http:\/\/historischer-verein-speyer.de\/index.php?rest_route=%2Fwp%2Fv2%2Ftags&post=1249"}],"curies":[{"name":"wp","href":"https:\/\/api.w.org\/{rel}","templated":true}]}}