{"id":1349,"date":"2014-04-29T17:18:05","date_gmt":"2014-04-29T15:18:05","guid":{"rendered":"http:\/\/historischer-verein-speyer.de\/?p=1349"},"modified":"2014-05-18T20:41:32","modified_gmt":"2014-05-18T18:41:32","slug":"vortrag-28-04-2014-as-dat-in-speyr-ordinirt-wier-die-positiven-auswirkungen-des-reichskammergerichts-zu-speyer-auf-norddeutschland","status":"publish","type":"post","link":"http:\/\/historischer-verein-speyer.de\/?p=1349","title":{"rendered":"Vortrag 28.04.2014: \u2018As dat in Speyr ordinirt wier.\u2019 Die positiven Auswirkungen des Reichskammergerichts zu Speyer auf Norddeutschland"},"content":{"rendered":"<p><strong>\u00a0\u2018As dat in Speyr ordinirt wier.\u2019 Die positiven Auswirkungen des Reichskammergerichts zu Speyer auf Norddeutschland<\/strong><\/p>\n<p><iframe loading=\"lazy\" title=\"20140428 Vortrag Reichskammergericht\" width=\"768\" height=\"576\" src=\"https:\/\/www.youtube.com\/embed\/c8eczLRU7I0?feature=oembed\" frameborder=\"0\" allow=\"accelerometer; autoplay; clipboard-write; encrypted-media; gyroscope; picture-in-picture\" allowfullscreen><\/iframe><\/p>\n<p style=\"text-align: justify;\">Speyer ist <span style=\"text-decoration: underline;\">die<\/span> Stadt, die Eingeweihte heute mit den gr\u00f6\u00dften Erfolgen der obersten Reichsgerichtsbarkeit im Alten Reich verbinden. Da in der Domstadt allerdings bauliche \u00dcberreste des Reichskammergerichts im Stadtbild nicht mehr zu sehen sind, ist die Erinnerung an das Gericht relativ &#8222;schwierig&#8220; &#8211; ganz anders ist die Situation in Wetzlar, wo das Gericht nach 1689 residierte. Wetzlar scheint touristisch von der Erinnerung an das Reichskammergericht zu leben. Dort finden sich auch das Reichskammergerichtsmuseum<wbr \/> und die Gesellschaft f\u00fcr Reichskammergerichtsforsch<wbr \/>ung. Dabei fand in Speyer das Reichskammergericht im Jahre 1527 endlich eine feste Bleibe, nachdem es seit seiner Gr\u00fcndung 1495 immer wieder den Standort gewechselt hatte.<br \/>\nIn dieser Stadt erlebte das Gericht seine absolute Bl\u00fcte. Niemals wurde es st\u00e4rker in Anspruch genommen als am Ende des 16. Jahrhunderts, niemals wieder entfaltete es so segensreich sein Wirken wie hier. Das Gericht arbeitete mit seinen \u00fcberwiegend gut ausgebildeten Richtern schnell und zuverl\u00e4ssig und schaffte es, zahlreiche Konflikte zu verrechtlichen, die in den Jahrzehnten zuvor oftmals mit Waffengewalt gel\u00f6st worden waren.<br \/>\nEin deutschlandweites Verzeichnungsprojekt hat die Proze\u00dfakten des Reichskammergerichts f\u00fcr die Forschung erschlossen, so dass es heute m\u00f6glich ist zu erforschen, wann wer das Gericht in welchen Fragen bem\u00fcht hat. Der Vortrag besch\u00e4ftigt sich mit den Parteien aus Norddeutschland, also Schleswig-Holstein, Hamburg, L\u00fcbeck, Mecklenburg und Pommern und stellt einzelne Beispiele aus Wismar vor. Dabei geht es darum, wie das Gericht aus Speyer rechtsvereinheitlichend im gesamten Reich wirkte und wie es in den Territorien wahrgenommen wurde.<\/p>\n<p>Referent: Dr. Nils J\u00f6rn (Wismar)<\/p>\n<p><strong>[nggallery id=31]<\/strong><\/p>\n","protected":false},"excerpt":{"rendered":"<p>\u00a0\u2018As dat in Speyr ordinirt wier.\u2019 Die positiven Auswirkungen des Reichskammergerichts zu Speyer auf Norddeutschland Speyer ist die Stadt, die Eingeweihte heute mit den gr\u00f6\u00dften Erfolgen der obersten Reichsgerichtsbarkeit im Alten Reich verbinden. Da in der Domstadt allerdings bauliche \u00dcberreste des Reichskammergerichts im Stadtbild nicht mehr zu sehen sind, ist die Erinnerung an das Gericht [&hellip;]<\/p>\n","protected":false},"author":2,"featured_media":0,"comment_status":"open","ping_status":"open","sticky":false,"template":"","format":"standard","meta":{"footnotes":""},"categories":[13,8],"tags":[124,123,15],"class_list":["post-1349","post","type-post","status-publish","format-standard","hentry","category-videos","category-aufsatze-vortrage","tag-nils-joern","tag-reichskammergericht","tag-speyer"],"_links":{"self":[{"href":"http:\/\/historischer-verein-speyer.de\/index.php?rest_route=\/wp\/v2\/posts\/1349","targetHints":{"allow":["GET"]}}],"collection":[{"href":"http:\/\/historischer-verein-speyer.de\/index.php?rest_route=\/wp\/v2\/posts"}],"about":[{"href":"http:\/\/historischer-verein-speyer.de\/index.php?rest_route=\/wp\/v2\/types\/post"}],"author":[{"embeddable":true,"href":"http:\/\/historischer-verein-speyer.de\/index.php?rest_route=\/wp\/v2\/users\/2"}],"replies":[{"embeddable":true,"href":"http:\/\/historischer-verein-speyer.de\/index.php?rest_route=%2Fwp%2Fv2%2Fcomments&post=1349"}],"version-history":[{"count":5,"href":"http:\/\/historischer-verein-speyer.de\/index.php?rest_route=\/wp\/v2\/posts\/1349\/revisions"}],"predecessor-version":[{"id":1409,"href":"http:\/\/historischer-verein-speyer.de\/index.php?rest_route=\/wp\/v2\/posts\/1349\/revisions\/1409"}],"wp:attachment":[{"href":"http:\/\/historischer-verein-speyer.de\/index.php?rest_route=%2Fwp%2Fv2%2Fmedia&parent=1349"}],"wp:term":[{"taxonomy":"category","embeddable":true,"href":"http:\/\/historischer-verein-speyer.de\/index.php?rest_route=%2Fwp%2Fv2%2Fcategories&post=1349"},{"taxonomy":"post_tag","embeddable":true,"href":"http:\/\/historischer-verein-speyer.de\/index.php?rest_route=%2Fwp%2Fv2%2Ftags&post=1349"}],"curies":[{"name":"wp","href":"https:\/\/api.w.org\/{rel}","templated":true}]}}