{"id":1372,"date":"2014-05-11T10:58:25","date_gmt":"2014-05-11T08:58:25","guid":{"rendered":"http:\/\/historischer-verein-speyer.de\/?p=1372"},"modified":"2014-05-11T10:58:25","modified_gmt":"2014-05-11T08:58:25","slug":"heilig-gesprochener-papst-johannes-paul-ii-am-4-mai-1987-zu-besuch","status":"publish","type":"post","link":"http:\/\/historischer-verein-speyer.de\/?p=1372","title":{"rendered":"Heilig gesprochener Papst Johannes Paul II. am 4. Mai 1987 zu Besuch"},"content":{"rendered":"<p align=\"JUSTIFY\"><span style=\"font-family: Arial,sans-serif;\"><span style=\"font-size: medium;\"><b>Speyer im Ausnahmezustand<\/b><\/span><\/span><\/p>\n<p align=\"JUSTIFY\"><span style=\"font-family: Arial,sans-serif;\"><span style=\"font-size: medium;\"><b>Heilig gesprochener Papst Johannes Paul II. am 4. Mai 1987 zu Besuch<\/b><\/span><\/span><\/p>\n<p align=\"JUSTIFY\"><span style=\"font-family: Arial,sans-serif;\"><span style=\"font-size: medium;\">Der heilig gesprochene Papst Johannes Paul II. r\u00fcckte Speyer fast auf den Tag genau vor 26 Jahren f\u00fcr sieben Stunden in die Welt\u00f6ffentlichkeit. <a href=\"http:\/\/historischer-verein-speyer.de\/html\/wp-content\/uploads\/2014\/05\/Papst.jpg\"><img loading=\"lazy\" decoding=\"async\" class=\"aligncenter size-medium wp-image-1373\" alt=\"Papst\" src=\"http:\/\/historischer-verein-speyer.de\/html\/wp-content\/uploads\/2014\/05\/Papst-300x254.jpg\" width=\"300\" height=\"254\" srcset=\"http:\/\/historischer-verein-speyer.de\/html\/wp-content\/uploads\/2014\/05\/Papst-300x254.jpg 300w, http:\/\/historischer-verein-speyer.de\/html\/wp-content\/uploads\/2014\/05\/Papst.jpg 500w\" sizes=\"auto, (max-width: 300px) 100vw, 300px\" \/><\/a><\/span><\/span><\/p>\n<p align=\"JUSTIFY\"><span style=\"color: #000000;\"><span style=\"font-family: Arial,sans-serif;\"><span style=\"font-size: medium;\">Speyer war am 4. Mai 1987 die letzte Station einer f\u00fcnft\u00e4gigen Deutschland-Reise des fr\u00fcheren Karol Woytila (1920 &#8211; 2005). In deren Verlauf sprach das Oberhaupt <!--more-->der katholische Kirche zwei M\u00e4rtyrer der Nazizeit selig: Am 1. Mai in K\u00f6ln die in Auschwitz ermordete Ordensfrau Edith Stein, eine konvertierte J\u00fcdin, und am 3. Mai in M\u00fcnchen den Jesuitenpater Rupert Mayer.<\/span><\/span><\/span><\/p>\n<p align=\"JUSTIFY\"><span style=\"color: #000000;\"><span style=\"font-family: Arial,sans-serif;\"><span style=\"font-size: medium;\">Den Ausschlag f\u00fcr den Besuch in Speyer hatte wohl der Hinweis gegeben, dass auch diese Stadt im Leben Edith Steins eine Rolle gespielt hatte. Die Philosophin und Nonne Edith Stein war zwischen 1923 und 1932 als Lehrerin an die Dominikanerinnen-Schule St. Magdalena gekommen. Im Oktober 1998 sprach sie Johannes Paul II. heilig. <\/span><\/span><\/span><\/p>\n<p align=\"JUSTIFY\"><span style=\"font-family: Arial,sans-serif;\"><span style=\"font-size: medium;\">Wie zuvor in den Bist\u00fcmern K\u00f6ln und M\u00fcnchen-Freising verursachte der Papstbesuch auch im Bistum Speyer einen Ausnahmezustand. In den Tagen vor der Ankunft in gl\u00fchte das Telefon mit der st\u00e4dtischen Auskunftsnummer 06232 &#8211; 14447. Alles war bis ins Detail geregelt. Eingesetzt wurden 2000 Polizeibeamte, \u00fcber 1600 ehrenamtliche Helfer der Kirche, viele \u201eSt\u00e4dtische\u201c, 180 Kr\u00e4fte des THW, 90 Feuerwehrleute, 509 Mitarbeiter von Rettungsdiensten.<\/span><\/span><\/p>\n<p align=\"JUSTIFY\"><span style=\"font-family: Arial,sans-serif;\"><span style=\"font-size: medium;\">Nach Speyer kam der Papst im Hubschrauber von Augsburg aus. Dort hatte er am 2. Mai im Dom und am 4. Mai in der Basilika St. Ullrich und Afra zwei Gottesdienste gefeiert. Danach stand der Flug in die Pfalz wegen Wetterunbilden kurzzeitig in Frage. Doch das Programm konnte eingehalten werden und die Helikopter-Staffel mit Johannes Paul II landete wie geplant um 12.38 Uhr im Helmut-Bantz-Stadion.<\/span><\/span><\/p>\n<p align=\"JUSTIFY\"><span style=\"font-family: Arial,sans-serif;\"><span style=\"font-size: medium;\">Wenig sp\u00e4ter trug sich der Papst ins Goldene Buch der Stadt ein und fuhr danach im &#8222;Papamobil&#8220; vom Kolb-Zentrum aus \u00fcber Petschengasse, Hirschgraben, Bahnhofstra\u00dfe, Altp\u00f6rtel und Maximilianstra\u00dfe zum Dom.<\/span><\/span><\/p>\n<p align=\"JUSTIFY\"><span style=\"font-family: Arial,sans-serif;\"><span style=\"font-size: medium;\">Nach dem Besuch des Gotteshauses begann um 16 Uhr auf dem Vorplatz eine Eucharistiefeier mit fast 60.000 Glaubensbr\u00fcdern und \u2013schwestern, darunter sechs Kardin\u00e4le, 32 Bisch\u00f6fe (auch der Speyerer Anton Schlembach und dessen Vorg\u00e4nger Friedrich Kardinal Wetter) sowie drei \u00c4bte. Als Kardinal dabei war Joseph Ratzinger, der sp\u00e4tere Papst Benedikt XVI.<\/span><\/span><\/p>\n<p align=\"JUSTIFY\"><span style=\"font-family: Arial,sans-serif;\"><span style=\"font-size: medium;\">Um 18.30 Uhr traf Johannes Paul II. im Bischofshaus mit Bundeskanzler Helmut Kohl zusammen. Eine Stunde sp\u00e4ter wurde der Papst offiziell aus der Bundesrepublik verabschiedet und flog um 20.10 Uhr wieder im Hubschrauber &#8211; mit einer Zwischenlandung in Stuttgart &#8211; nach Rom zur\u00fcck. \u00a0&#8211;\u00a0<b><b><b>Wolfgang Kauer <b>(aus der Reihe: Stadtgeschichte(n) in der RHEINPFALZ, 2014, Bild: Bistum Speyer)<\/b><\/b><\/b><\/b><\/span><\/span><\/p>\n","protected":false},"excerpt":{"rendered":"<p>Speyer im Ausnahmezustand Heilig gesprochener Papst Johannes Paul II. am 4. Mai 1987 zu Besuch Der heilig gesprochene Papst Johannes Paul II. r\u00fcckte Speyer fast auf den Tag genau vor 26 Jahren f\u00fcr sieben Stunden in die Welt\u00f6ffentlichkeit. Speyer war am 4. Mai 1987 die letzte Station einer f\u00fcnft\u00e4gigen Deutschland-Reise des fr\u00fcheren Karol Woytila (1920 [&hellip;]<\/p>\n","protected":false},"author":2,"featured_media":0,"comment_status":"open","ping_status":"open","sticky":false,"template":"","format":"standard","meta":{"footnotes":""},"categories":[11],"tags":[75,126,15],"class_list":["post-1372","post","type-post","status-publish","format-standard","hentry","category-stadtgeschichte","tag-kauer","tag-papst","tag-speyer"],"_links":{"self":[{"href":"http:\/\/historischer-verein-speyer.de\/index.php?rest_route=\/wp\/v2\/posts\/1372","targetHints":{"allow":["GET"]}}],"collection":[{"href":"http:\/\/historischer-verein-speyer.de\/index.php?rest_route=\/wp\/v2\/posts"}],"about":[{"href":"http:\/\/historischer-verein-speyer.de\/index.php?rest_route=\/wp\/v2\/types\/post"}],"author":[{"embeddable":true,"href":"http:\/\/historischer-verein-speyer.de\/index.php?rest_route=\/wp\/v2\/users\/2"}],"replies":[{"embeddable":true,"href":"http:\/\/historischer-verein-speyer.de\/index.php?rest_route=%2Fwp%2Fv2%2Fcomments&post=1372"}],"version-history":[{"count":1,"href":"http:\/\/historischer-verein-speyer.de\/index.php?rest_route=\/wp\/v2\/posts\/1372\/revisions"}],"predecessor-version":[{"id":1374,"href":"http:\/\/historischer-verein-speyer.de\/index.php?rest_route=\/wp\/v2\/posts\/1372\/revisions\/1374"}],"wp:attachment":[{"href":"http:\/\/historischer-verein-speyer.de\/index.php?rest_route=%2Fwp%2Fv2%2Fmedia&parent=1372"}],"wp:term":[{"taxonomy":"category","embeddable":true,"href":"http:\/\/historischer-verein-speyer.de\/index.php?rest_route=%2Fwp%2Fv2%2Fcategories&post=1372"},{"taxonomy":"post_tag","embeddable":true,"href":"http:\/\/historischer-verein-speyer.de\/index.php?rest_route=%2Fwp%2Fv2%2Ftags&post=1372"}],"curies":[{"name":"wp","href":"https:\/\/api.w.org\/{rel}","templated":true}]}}