{"id":1380,"date":"2014-05-14T19:49:55","date_gmt":"2014-05-14T17:49:55","guid":{"rendered":"http:\/\/historischer-verein-speyer.de\/?p=1380"},"modified":"2014-05-14T19:49:55","modified_gmt":"2014-05-14T17:49:55","slug":"vortrag-13-05-2014-1214-die-wittelsbacher-und-ihre-pfalzgrafschaft-am-rhein","status":"publish","type":"post","link":"http:\/\/historischer-verein-speyer.de\/?p=1380","title":{"rendered":"Vortrag 13.05.2014: 1214 &#8211; Die Wittelsbacher und ihre Pfalzgrafschaft am Rhein"},"content":{"rendered":"<p><strong>Referent: Prof. Dr. Bernd Schneidm\u00fcller (Heidelberg)<\/strong><br \/>\n<strong> 1214 &#8211; Die Wittelsbacher und ihre Pfalzgrafschaft am Rhein<\/strong><\/p>\n<p><iframe loading=\"lazy\" title=\"20140513 Vortrag: 1214 - Die Wittelsbacher und ihre Pfalzgrafschaft am Rhein\" width=\"768\" height=\"576\" src=\"https:\/\/www.youtube.com\/embed\/bodWAHb5CA0?feature=oembed\" frameborder=\"0\" allow=\"accelerometer; autoplay; clipboard-write; encrypted-media; gyroscope; picture-in-picture\" allowfullscreen><\/iframe><\/p>\n<p>In der Metropolregion Rhein-Neckar wird 2013\/14 als Wittelsbacherjahr gefeiert. Anlass ist die \u00dcbertragung der rheinischen Pfalzgrafschaft an das bayerische Herzogsgeschlecht der Wittelsbacher im Jahr 1214. Vor 800 Jahren begann eine fruchtbare politische Verbindung zwischen Bayern und der Pfalz, die bis in die Mitte des 20. Jahrhunderts dauerte.<\/p>\n<p>Der Vortrag erz\u00e4hlt von den wittelsbachischen Wegen an den Rhein und fragt nach den Folgen f\u00fcr die historische Identit\u00e4tsbildung der Kurpf\u00e4lzer wie der Pf\u00e4lzer.<\/p>\n<p>Der Referent Bernd Schneidm\u00fcller ist Professor f\u00fcr mittelalterliche Geschichte an der Universit\u00e4t Heidelberg und Direktor des dortigen Instituts f\u00fcr Fr\u00e4nkisch-Pf\u00e4lzische Geschichte und Landeskunde. Er war als Wissenschaftlicher Koordinator f\u00fcr die Mannheimer Wittelsbacher-Ausstellung mit verantwortlich.<\/p>\n<p><strong>[nggallery id=32]<\/strong><\/p>\n","protected":false},"excerpt":{"rendered":"<p>Referent: Prof. Dr. Bernd Schneidm\u00fcller (Heidelberg) 1214 &#8211; Die Wittelsbacher und ihre Pfalzgrafschaft am Rhein In der Metropolregion Rhein-Neckar wird 2013\/14 als Wittelsbacherjahr gefeiert. Anlass ist die \u00dcbertragung der rheinischen Pfalzgrafschaft an das bayerische Herzogsgeschlecht der Wittelsbacher im Jahr 1214. Vor 800 Jahren begann eine fruchtbare politische Verbindung zwischen Bayern und der Pfalz, die bis [&hellip;]<\/p>\n","protected":false},"author":2,"featured_media":0,"comment_status":"open","ping_status":"open","sticky":false,"template":"","format":"standard","meta":{"footnotes":""},"categories":[13,8],"tags":[128,127,15,52],"class_list":["post-1380","post","type-post","status-publish","format-standard","hentry","category-videos","category-aufsatze-vortrage","tag-kurpfalz","tag-schneidmueller","tag-speyer","tag-wittelsbacher"],"_links":{"self":[{"href":"http:\/\/historischer-verein-speyer.de\/index.php?rest_route=\/wp\/v2\/posts\/1380","targetHints":{"allow":["GET"]}}],"collection":[{"href":"http:\/\/historischer-verein-speyer.de\/index.php?rest_route=\/wp\/v2\/posts"}],"about":[{"href":"http:\/\/historischer-verein-speyer.de\/index.php?rest_route=\/wp\/v2\/types\/post"}],"author":[{"embeddable":true,"href":"http:\/\/historischer-verein-speyer.de\/index.php?rest_route=\/wp\/v2\/users\/2"}],"replies":[{"embeddable":true,"href":"http:\/\/historischer-verein-speyer.de\/index.php?rest_route=%2Fwp%2Fv2%2Fcomments&post=1380"}],"version-history":[{"count":5,"href":"http:\/\/historischer-verein-speyer.de\/index.php?rest_route=\/wp\/v2\/posts\/1380\/revisions"}],"predecessor-version":[{"id":1385,"href":"http:\/\/historischer-verein-speyer.de\/index.php?rest_route=\/wp\/v2\/posts\/1380\/revisions\/1385"}],"wp:attachment":[{"href":"http:\/\/historischer-verein-speyer.de\/index.php?rest_route=%2Fwp%2Fv2%2Fmedia&parent=1380"}],"wp:term":[{"taxonomy":"category","embeddable":true,"href":"http:\/\/historischer-verein-speyer.de\/index.php?rest_route=%2Fwp%2Fv2%2Fcategories&post=1380"},{"taxonomy":"post_tag","embeddable":true,"href":"http:\/\/historischer-verein-speyer.de\/index.php?rest_route=%2Fwp%2Fv2%2Ftags&post=1380"}],"curies":[{"name":"wp","href":"https:\/\/api.w.org\/{rel}","templated":true}]}}