{"id":1466,"date":"2014-06-10T06:00:33","date_gmt":"2014-06-10T04:00:33","guid":{"rendered":"http:\/\/historischer-verein-speyer.de\/?p=1466"},"modified":"2014-06-16T17:38:04","modified_gmt":"2014-06-16T15:38:04","slug":"heute-vor-hundert-jahren-10-juni-1914-2","status":"publish","type":"post","link":"http:\/\/historischer-verein-speyer.de\/?p=1466","title":{"rendered":"Heute vor hundert Jahren: 10. Juni 1914"},"content":{"rendered":"<p>In aller K\u00fcrze:<\/p>\n<p>&#8211; Versteigerung einer franz\u00f6sischen Inselgruppe<\/p>\n<p>&#8211; Flug von M\u00fchlhausen nach Budapest mit 2 assagieren, darunter eine Dame!<\/p>\n<p>&#8211; Ernennung eines Gef\u00e4ngnisaufsehers beim Amtsgericht Seyer<\/p>\n<p>&#8211; Interessante Anzeigen in H\u00fclle und F\u00fclle<\/p>\n<p>&#8211; vieles anderes mehr&#8230;..<\/p>\n<p>&nbsp;<\/p>\n<p>[gview file=&#8220;http:\/\/historischer-verein-speyer.de\/html\/wp-content\/uploads\/2014\/06\/19140610b1.pdf&#8220;]<\/p>\n","protected":false},"excerpt":{"rendered":"<p>In aller K\u00fcrze: &#8211; Versteigerung einer franz\u00f6sischen Inselgruppe &#8211; Flug von M\u00fchlhausen nach Budapest mit 2 assagieren, darunter eine Dame! &#8211; Ernennung eines Gef\u00e4ngnisaufsehers beim Amtsgericht Seyer &#8211; Interessante Anzeigen in H\u00fclle und F\u00fclle &#8211; vieles anderes mehr&#8230;.. &nbsp; [gview file=&#8220;http:\/\/historischer-verein-speyer.de\/html\/wp-content\/uploads\/2014\/06\/19140610b1.pdf&#8220;]<\/p>\n","protected":false},"author":2,"featured_media":0,"comment_status":"open","ping_status":"open","sticky":false,"template":"","format":"standard","meta":{"footnotes":""},"categories":[130],"tags":[131],"class_list":["post-1466","post","type-post","status-publish","format-standard","hentry","category-heute-vor-100-jahren","tag-speierer-zeitung"],"_links":{"self":[{"href":"http:\/\/historischer-verein-speyer.de\/index.php?rest_route=\/wp\/v2\/posts\/1466","targetHints":{"allow":["GET"]}}],"collection":[{"href":"http:\/\/historischer-verein-speyer.de\/index.php?rest_route=\/wp\/v2\/posts"}],"about":[{"href":"http:\/\/historischer-verein-speyer.de\/index.php?rest_route=\/wp\/v2\/types\/post"}],"author":[{"embeddable":true,"href":"http:\/\/historischer-verein-speyer.de\/index.php?rest_route=\/wp\/v2\/users\/2"}],"replies":[{"embeddable":true,"href":"http:\/\/historischer-verein-speyer.de\/index.php?rest_route=%2Fwp%2Fv2%2Fcomments&post=1466"}],"version-history":[{"count":2,"href":"http:\/\/historischer-verein-speyer.de\/index.php?rest_route=\/wp\/v2\/posts\/1466\/revisions"}],"predecessor-version":[{"id":1478,"href":"http:\/\/historischer-verein-speyer.de\/index.php?rest_route=\/wp\/v2\/posts\/1466\/revisions\/1478"}],"wp:attachment":[{"href":"http:\/\/historischer-verein-speyer.de\/index.php?rest_route=%2Fwp%2Fv2%2Fmedia&parent=1466"}],"wp:term":[{"taxonomy":"category","embeddable":true,"href":"http:\/\/historischer-verein-speyer.de\/index.php?rest_route=%2Fwp%2Fv2%2Fcategories&post=1466"},{"taxonomy":"post_tag","embeddable":true,"href":"http:\/\/historischer-verein-speyer.de\/index.php?rest_route=%2Fwp%2Fv2%2Ftags&post=1466"}],"curies":[{"name":"wp","href":"https:\/\/api.w.org\/{rel}","templated":true}]}}