{"id":1508,"date":"2014-07-07T12:00:00","date_gmt":"2014-07-07T10:00:00","guid":{"rendered":"http:\/\/historischer-verein-speyer.de\/?p=1508"},"modified":"2014-07-06T17:42:54","modified_gmt":"2014-07-06T15:42:54","slug":"heute-vor-hundert-jahren-07-juli-1914","status":"publish","type":"post","link":"http:\/\/historischer-verein-speyer.de\/?p=1508","title":{"rendered":"Heute vor hundert Jahren: 07. Juli 1914"},"content":{"rendered":"<p>In aller K\u00fcrze:<\/p>\n<ul>\n<li>Zur Hundertjahrfeier des k.B. Inf-Leib-Regiments<\/li>\n<li>Das Attentat auf den \u00f6sterreichischen Thronfolger und seine Gemahlin<\/li>\n<li>Ausstellung des Pf\u00e4lzischen Kunstvereins im Heydenreichhaus Speier<\/li>\n<li>Aus dem Gerichtssaal<\/li>\n<li>Lokalnachrichten u.a. von einem betr\u00fcgenden B\u00e4cker in Speier<\/li>\n<li>u.v.a.m.<\/li>\n<\/ul>\n<p>&nbsp;<\/p>\n<p>[gview file=&#8220;http:\/\/historischer-verein-speyer.de\/html\/wp-content\/uploads\/2014\/07\/19140707b.pdf&#8220; save=&#8220;1&#8243;]<\/p>\n","protected":false},"excerpt":{"rendered":"<p>In aller K\u00fcrze: Zur Hundertjahrfeier des k.B. Inf-Leib-Regiments Das Attentat auf den \u00f6sterreichischen Thronfolger und seine Gemahlin Ausstellung des Pf\u00e4lzischen Kunstvereins im Heydenreichhaus Speier Aus dem Gerichtssaal Lokalnachrichten u.a. von einem betr\u00fcgenden B\u00e4cker in Speier u.v.a.m. &nbsp; [gview file=&#8220;http:\/\/historischer-verein-speyer.de\/html\/wp-content\/uploads\/2014\/07\/19140707b.pdf&#8220; save=&#8220;1&#8243;]<\/p>\n","protected":false},"author":2,"featured_media":0,"comment_status":"open","ping_status":"open","sticky":false,"template":"","format":"standard","meta":{"footnotes":""},"categories":[130],"tags":[134,137],"class_list":["post-1508","post","type-post","status-publish","format-standard","hentry","category-heute-vor-100-jahren","tag-speier","tag-zeitung"],"_links":{"self":[{"href":"http:\/\/historischer-verein-speyer.de\/index.php?rest_route=\/wp\/v2\/posts\/1508","targetHints":{"allow":["GET"]}}],"collection":[{"href":"http:\/\/historischer-verein-speyer.de\/index.php?rest_route=\/wp\/v2\/posts"}],"about":[{"href":"http:\/\/historischer-verein-speyer.de\/index.php?rest_route=\/wp\/v2\/types\/post"}],"author":[{"embeddable":true,"href":"http:\/\/historischer-verein-speyer.de\/index.php?rest_route=\/wp\/v2\/users\/2"}],"replies":[{"embeddable":true,"href":"http:\/\/historischer-verein-speyer.de\/index.php?rest_route=%2Fwp%2Fv2%2Fcomments&post=1508"}],"version-history":[{"count":1,"href":"http:\/\/historischer-verein-speyer.de\/index.php?rest_route=\/wp\/v2\/posts\/1508\/revisions"}],"predecessor-version":[{"id":1509,"href":"http:\/\/historischer-verein-speyer.de\/index.php?rest_route=\/wp\/v2\/posts\/1508\/revisions\/1509"}],"wp:attachment":[{"href":"http:\/\/historischer-verein-speyer.de\/index.php?rest_route=%2Fwp%2Fv2%2Fmedia&parent=1508"}],"wp:term":[{"taxonomy":"category","embeddable":true,"href":"http:\/\/historischer-verein-speyer.de\/index.php?rest_route=%2Fwp%2Fv2%2Fcategories&post=1508"},{"taxonomy":"post_tag","embeddable":true,"href":"http:\/\/historischer-verein-speyer.de\/index.php?rest_route=%2Fwp%2Fv2%2Ftags&post=1508"}],"curies":[{"name":"wp","href":"https:\/\/api.w.org\/{rel}","templated":true}]}}