{"id":1513,"date":"2014-07-12T07:33:22","date_gmt":"2014-07-12T05:33:22","guid":{"rendered":"http:\/\/historischer-verein-speyer.de\/?p=1513"},"modified":"2014-07-12T07:33:22","modified_gmt":"2014-07-12T05:33:22","slug":"oral-history-baldur-josse","status":"publish","type":"post","link":"http:\/\/historischer-verein-speyer.de\/?p=1513","title":{"rendered":"Oral History: Baldur Joss\u00e9"},"content":{"rendered":"<p>Herr Baldur Joss\u00e9 f\u00fchrt uns in lebendiger Erz\u00e4hlweise zur\u00fcck in die 30er und 40er Jahre des letzten Jahrhunderts. Teilen Sie seine Erinnerungen&#8230;..<\/p>\n<p>&nbsp;<\/p>\n<p>&nbsp;<\/p>\n<p><iframe loading=\"lazy\" title=\"Oral History Baldur Joss\u00e9\" width=\"768\" height=\"576\" src=\"https:\/\/www.youtube.com\/embed\/-kWIHqXKuD8?feature=oembed\" frameborder=\"0\" allow=\"accelerometer; autoplay; clipboard-write; encrypted-media; gyroscope; picture-in-picture\" allowfullscreen><\/iframe><\/p>\n","protected":false},"excerpt":{"rendered":"<p>Herr Baldur Joss\u00e9 f\u00fchrt uns in lebendiger Erz\u00e4hlweise zur\u00fcck in die 30er und 40er Jahre des letzten Jahrhunderts. Teilen Sie seine Erinnerungen&#8230;.. &nbsp; &nbsp;<\/p>\n","protected":false},"author":2,"featured_media":0,"comment_status":"open","ping_status":"open","sticky":false,"template":"","format":"standard","meta":{"footnotes":""},"categories":[13,14],"tags":[],"class_list":["post-1513","post","type-post","status-publish","format-standard","hentry","category-videos","category-oral-history"],"_links":{"self":[{"href":"http:\/\/historischer-verein-speyer.de\/index.php?rest_route=\/wp\/v2\/posts\/1513","targetHints":{"allow":["GET"]}}],"collection":[{"href":"http:\/\/historischer-verein-speyer.de\/index.php?rest_route=\/wp\/v2\/posts"}],"about":[{"href":"http:\/\/historischer-verein-speyer.de\/index.php?rest_route=\/wp\/v2\/types\/post"}],"author":[{"embeddable":true,"href":"http:\/\/historischer-verein-speyer.de\/index.php?rest_route=\/wp\/v2\/users\/2"}],"replies":[{"embeddable":true,"href":"http:\/\/historischer-verein-speyer.de\/index.php?rest_route=%2Fwp%2Fv2%2Fcomments&post=1513"}],"version-history":[{"count":1,"href":"http:\/\/historischer-verein-speyer.de\/index.php?rest_route=\/wp\/v2\/posts\/1513\/revisions"}],"predecessor-version":[{"id":1514,"href":"http:\/\/historischer-verein-speyer.de\/index.php?rest_route=\/wp\/v2\/posts\/1513\/revisions\/1514"}],"wp:attachment":[{"href":"http:\/\/historischer-verein-speyer.de\/index.php?rest_route=%2Fwp%2Fv2%2Fmedia&parent=1513"}],"wp:term":[{"taxonomy":"category","embeddable":true,"href":"http:\/\/historischer-verein-speyer.de\/index.php?rest_route=%2Fwp%2Fv2%2Fcategories&post=1513"},{"taxonomy":"post_tag","embeddable":true,"href":"http:\/\/historischer-verein-speyer.de\/index.php?rest_route=%2Fwp%2Fv2%2Ftags&post=1513"}],"curies":[{"name":"wp","href":"https:\/\/api.w.org\/{rel}","templated":true}]}}