{"id":1573,"date":"2014-09-09T20:03:21","date_gmt":"2014-09-09T18:03:21","guid":{"rendered":"http:\/\/historischer-verein-speyer.de\/?p=1573"},"modified":"2014-09-09T20:03:21","modified_gmt":"2014-09-09T18:03:21","slug":"nazi-plan-eines-speyerer-gegendoms-von-172-metern-hoehe-und-166-metern-breite","status":"publish","type":"post","link":"http:\/\/historischer-verein-speyer.de\/?p=1573","title":{"rendered":"Nazi-Plan eines Speyerer Gegendoms von 172 Metern H\u00f6he und 166 Metern Breite"},"content":{"rendered":"<p align=\"JUSTIFY\"><span style=\"font-family: Arial,sans-serif;\"><span style=\"font-size: small;\">In dem teilweise noch nicht gesichteten literarischen Nachlass des Kunsthistorikers Clemens J\u00f6ckle befindet sich vermutlich ein Schriftst\u00fcck \u00fcber eine von den Nazis geplante Gigantomanie in Speyer. W\u00e4re ein nahe des Doms vorgesehener gewaltiger Kuppelbau Ende der <!--more-->1930-er, anfangs der 1940-er verwirklicht worden, h\u00e4tte er einen Teil der Innenstadt im Wortsinne in den Schatten gestellt.<\/span><\/span><\/p>\n<p align=\"JUSTIFY\"><span style=\"font-family: Arial,sans-serif;\"><span style=\"font-size: small;\"><br \/>\n<a href=\"http:\/\/historischer-verein-speyer.de\/html\/wp-content\/uploads\/2014\/09\/Speerdom.jpg\"><img loading=\"lazy\" decoding=\"async\" class=\"aligncenter size-medium wp-image-1574\" alt=\"Speerdom\" src=\"http:\/\/historischer-verein-speyer.de\/html\/wp-content\/uploads\/2014\/09\/Speerdom-168x300.jpg\" width=\"168\" height=\"300\" srcset=\"http:\/\/historischer-verein-speyer.de\/html\/wp-content\/uploads\/2014\/09\/Speerdom-168x300.jpg 168w, http:\/\/historischer-verein-speyer.de\/html\/wp-content\/uploads\/2014\/09\/Speerdom.jpg 540w\" sizes=\"auto, (max-width: 168px) 100vw, 168px\" \/><\/a><br \/>\n<\/span><\/span><\/p>\n<p align=\"JUSTIFY\"><span style=\"font-family: Arial,sans-serif;\"><span style=\"font-size: small;\">Der &#8222;Altar des Vaterlands&#8220; sollte mit einem von vier etwas kleineren Glockent\u00fcrmen umgebenen Kuppelbau 172 m hoch und mit seinen beiden Seitenarmen jeweils 166 m breit werden. Zum Vergleich: Die Ostt\u00fcrme des Doms enden bei 71,20 m, die Westt\u00fcrme bei 65,60 m. Von Au\u00dfenwand zu Au\u00dfenwand misst das Querhaus der Kathedrale 55,36 m. <\/span><\/span><\/p>\n<p align=\"JUSTIFY\"><span style=\"font-family: Arial,sans-serif;\"><span style=\"font-size: small;\">Ausgel\u00f6st hatte diesen Gegendom vermutlich Hitler selbst. Er soll nach einer Besichtigung des Pantheons in Paris angetan gewesen sein von der Pathos ausstrahlenden Weihe- und Begr\u00e4bnisst\u00e4tte gro\u00dfer Franzosen.<\/span><\/span><\/p>\n<p align=\"JUSTIFY\"><span style=\"font-family: Arial,sans-serif;\"><span style=\"font-size: small;\">Den Kolossalbau als Plan entworfen hatte wahrscheinlich der verstorbene W\u00fcrzburger Oberbaurat Hubert Gro\u00df. Er war als Baureferent bei der Oberpostdirektion Speyer t\u00e4tig gewesen, genoss im Dritten Reich das Wohlwollen des Reichsbauinspektors Speer und gilt als Planer der &#8222;neuen deutschen Stadt Warschau&#8220;.<\/span><\/span><\/p>\n<p align=\"JUSTIFY\"><span style=\"font-family: Arial,sans-serif;\"><span style=\"font-size: small;\">Von Clemens J\u00f6ckle darum gebeten, hatte 1995 hatte der ebenfalls verstorbene Speyerer Architekt Alfons Sohn nach dem damaligen Plan ein Holzmodell des Gegendoms gefertigt. Es lagert heute im Stadtarchiv.<\/span><\/span><\/p>\n<p align=\"JUSTIFY\"><span style=\"font-family: Arial,sans-serif;\"><span style=\"font-size: small;\">Um den &#8222;Altar des Vaterlands&#8220; errichten zu k\u00f6nnen, h\u00e4tten ganze H\u00e4userzeilen abgerissen werden m\u00fcssen. Die Fl\u00e4che erstreckte sich vom Domplatz bis zur Herdstra\u00dfe, vom unteren Teil der Maximilianstra\u00dfe bis zur Gro\u00dfen Pfaffengasse. Das bisch\u00f6fliche Ordinariat und wahrscheinlich auch das Bischofspalais w\u00e4ren ebenso verschwunden wie das Judenbad.<\/span><\/span><\/p>\n<p align=\"JUSTIFY\"><span style=\"font-family: Arial,sans-serif;\"><span style=\"font-size: small;\">Clemens J\u00f6ckle sprach \u00fcber diesen nationalsozialistischen Gr\u00f6\u00dfenwahn im M\u00e4rz 2012 w\u00e4hrend eines Vortrags. DIE RHEINPFALZ hatte \u00fcber das Vorhaben bereits 1988 berichtet und nun im Stadtarchiv und bisch\u00f6flichen Archiv, in dem detaillierte Baupl\u00e4ne des Vorhabens verwahrt werden, weitere Recherchen angestellt.<\/span><\/span><\/p>\n<p align=\"JUSTIFY\"><span style=\"font-family: Arial,sans-serif;\"><span style=\"font-size: small;\">Nach dem Vorbild der in Berlin geplanten monstr\u00f6sen Halle mit einer 300-m-Kuppel und vermutlich auf Anregung des im nordpf\u00e4lzischen Alsenz geborenen Reichsinnenministers Wilhelm Frick sollte auch in Speyer einen Prachtbau geben, der nationalsozialistisches Gedankengut un\u00fcbersehbar machen w\u00fcrde. Eine riesige Steinplatte am Vorderportal des &#8222;Altars des Vaterlandes&#8220; sollte verk\u00fcnden: &#8222;Die Ehre sei Gott, das Gesetz allen Menschen, Unsterblichkeit den Toten, dem Volke sei F\u00fchrung und Reich, die Gemeinschaft des Lebens, die Reinheit seines Blutes, die soziale Gerechtigkeit&#8220;.<\/span><\/span><\/p>\n<p align=\"JUSTIFY\"><span style=\"font-family: Arial,sans-serif;\"><span style=\"font-size: small;\">Der geplante Speyerer &#8222;Kultbau&#8220; war eine Art Folgeprojekt. Es nahm Formen an, als Bestrebungen der Nazis, den Dom als Nationaldenkmal &#8222;herzurichten&#8220;, offenbar nicht umgesetzt wurden. (wk)<\/span><\/span><\/p>\n","protected":false},"excerpt":{"rendered":"<p>In dem teilweise noch nicht gesichteten literarischen Nachlass des Kunsthistorikers Clemens J\u00f6ckle befindet sich vermutlich ein Schriftst\u00fcck \u00fcber eine von den Nazis geplante Gigantomanie in Speyer. W\u00e4re ein nahe des Doms vorgesehener gewaltiger Kuppelbau Ende der<\/p>\n","protected":false},"author":2,"featured_media":0,"comment_status":"open","ping_status":"open","sticky":false,"template":"","format":"standard","meta":{"footnotes":""},"categories":[11],"tags":[149,75,147,148],"class_list":["post-1573","post","type-post","status-publish","format-standard","hentry","category-stadtgeschichte","tag-joeckle","tag-kauer","tag-nazidom","tag-speer"],"_links":{"self":[{"href":"http:\/\/historischer-verein-speyer.de\/index.php?rest_route=\/wp\/v2\/posts\/1573","targetHints":{"allow":["GET"]}}],"collection":[{"href":"http:\/\/historischer-verein-speyer.de\/index.php?rest_route=\/wp\/v2\/posts"}],"about":[{"href":"http:\/\/historischer-verein-speyer.de\/index.php?rest_route=\/wp\/v2\/types\/post"}],"author":[{"embeddable":true,"href":"http:\/\/historischer-verein-speyer.de\/index.php?rest_route=\/wp\/v2\/users\/2"}],"replies":[{"embeddable":true,"href":"http:\/\/historischer-verein-speyer.de\/index.php?rest_route=%2Fwp%2Fv2%2Fcomments&post=1573"}],"version-history":[{"count":2,"href":"http:\/\/historischer-verein-speyer.de\/index.php?rest_route=\/wp\/v2\/posts\/1573\/revisions"}],"predecessor-version":[{"id":1715,"href":"http:\/\/historischer-verein-speyer.de\/index.php?rest_route=\/wp\/v2\/posts\/1573\/revisions\/1715"}],"wp:attachment":[{"href":"http:\/\/historischer-verein-speyer.de\/index.php?rest_route=%2Fwp%2Fv2%2Fmedia&parent=1573"}],"wp:term":[{"taxonomy":"category","embeddable":true,"href":"http:\/\/historischer-verein-speyer.de\/index.php?rest_route=%2Fwp%2Fv2%2Fcategories&post=1573"},{"taxonomy":"post_tag","embeddable":true,"href":"http:\/\/historischer-verein-speyer.de\/index.php?rest_route=%2Fwp%2Fv2%2Ftags&post=1573"}],"curies":[{"name":"wp","href":"https:\/\/api.w.org\/{rel}","templated":true}]}}