{"id":1585,"date":"2014-09-26T06:59:21","date_gmt":"2014-09-26T04:59:21","guid":{"rendered":"http:\/\/historischer-verein-speyer.de\/?p=1585"},"modified":"2014-09-26T06:59:21","modified_gmt":"2014-09-26T04:59:21","slug":"oral-history-hermann-schroeck","status":"publish","type":"post","link":"http:\/\/historischer-verein-speyer.de\/?p=1585","title":{"rendered":"Oral History: Hermann Schr\u00f6ck"},"content":{"rendered":"<p>Hermann Schr\u00f6ck, Jahrgang 1935, erz\u00e4hlt uns unter anderem \u00fcber den Synagogenbrand und die letzten Kriegstage in Speyer.<\/p>\n<p><iframe loading=\"lazy\" title=\"Oral History Hermann Schroeck\" width=\"768\" height=\"576\" src=\"https:\/\/www.youtube.com\/embed\/zZMoLUlp1J8?feature=oembed\" frameborder=\"0\" allow=\"accelerometer; autoplay; clipboard-write; encrypted-media; gyroscope; picture-in-picture\" allowfullscreen><\/iframe><\/p>\n","protected":false},"excerpt":{"rendered":"<p>Hermann Schr\u00f6ck, Jahrgang 1935, erz\u00e4hlt uns unter anderem \u00fcber den Synagogenbrand und die letzten Kriegstage in Speyer.<\/p>\n","protected":false},"author":2,"featured_media":0,"comment_status":"open","ping_status":"open","sticky":false,"template":"","format":"standard","meta":{"footnotes":""},"categories":[13,14],"tags":[15,44,252],"class_list":["post-1585","post","type-post","status-publish","format-standard","hentry","category-videos","category-oral-history","tag-speyer","tag-synagoge","tag-oral-history"],"_links":{"self":[{"href":"http:\/\/historischer-verein-speyer.de\/index.php?rest_route=\/wp\/v2\/posts\/1585","targetHints":{"allow":["GET"]}}],"collection":[{"href":"http:\/\/historischer-verein-speyer.de\/index.php?rest_route=\/wp\/v2\/posts"}],"about":[{"href":"http:\/\/historischer-verein-speyer.de\/index.php?rest_route=\/wp\/v2\/types\/post"}],"author":[{"embeddable":true,"href":"http:\/\/historischer-verein-speyer.de\/index.php?rest_route=\/wp\/v2\/users\/2"}],"replies":[{"embeddable":true,"href":"http:\/\/historischer-verein-speyer.de\/index.php?rest_route=%2Fwp%2Fv2%2Fcomments&post=1585"}],"version-history":[{"count":1,"href":"http:\/\/historischer-verein-speyer.de\/index.php?rest_route=\/wp\/v2\/posts\/1585\/revisions"}],"predecessor-version":[{"id":1586,"href":"http:\/\/historischer-verein-speyer.de\/index.php?rest_route=\/wp\/v2\/posts\/1585\/revisions\/1586"}],"wp:attachment":[{"href":"http:\/\/historischer-verein-speyer.de\/index.php?rest_route=%2Fwp%2Fv2%2Fmedia&parent=1585"}],"wp:term":[{"taxonomy":"category","embeddable":true,"href":"http:\/\/historischer-verein-speyer.de\/index.php?rest_route=%2Fwp%2Fv2%2Fcategories&post=1585"},{"taxonomy":"post_tag","embeddable":true,"href":"http:\/\/historischer-verein-speyer.de\/index.php?rest_route=%2Fwp%2Fv2%2Ftags&post=1585"}],"curies":[{"name":"wp","href":"https:\/\/api.w.org\/{rel}","templated":true}]}}