{"id":1590,"date":"2014-10-01T17:01:09","date_gmt":"2014-10-01T15:01:09","guid":{"rendered":"http:\/\/historischer-verein-speyer.de\/?p=1590"},"modified":"2014-10-01T17:01:09","modified_gmt":"2014-10-01T15:01:09","slug":"vortrag-29-9-2014-erdoel-im-elsass","status":"publish","type":"post","link":"http:\/\/historischer-verein-speyer.de\/?p=1590","title":{"rendered":"Vortrag 29.9.2014: Erd\u00f6l im Elsass"},"content":{"rendered":"<p>Dr. Alfred Scheld, Allgemeinarzt und Amateurhistoriker in Pforzheim, berichtet von der versunkenen Erd\u00f6lregion bei Pechelbronn im Elsass. Dort begann vor 250 Jahren der Run aufs schwarze Gold. Sein Vortrag schl\u00e4gt einen weiten Bogen von den ersten gefahrvollen Sch\u00fcrfungen bis zum heute absehbaren Peak Oil, dem Entzug von der Droge Erd\u00f6l. Dazwischen: einiges \u00fcber Petrochemie, Glanz und Elend der els\u00e4ssischen \u00d6lbarone LeBel und nat\u00fcrlich \u00fcber die \u00d6lst\u00e4dte Landau und Speyer.<\/p>\n<p>&nbsp;<\/p>\n<p><iframe loading=\"lazy\" title=\"20140929 Vortrag Scheld: Erd\u00f6l im Elsass\" width=\"768\" height=\"576\" src=\"https:\/\/www.youtube.com\/embed\/OOn5n_EKsMA?feature=oembed\" frameborder=\"0\" allow=\"accelerometer; autoplay; clipboard-write; encrypted-media; gyroscope; picture-in-picture\" allowfullscreen><\/iframe><\/p>\n","protected":false},"excerpt":{"rendered":"<p>Dr. Alfred Scheld, Allgemeinarzt und Amateurhistoriker in Pforzheim, berichtet von der versunkenen Erd\u00f6lregion bei Pechelbronn im Elsass. Dort begann vor 250 Jahren der Run aufs schwarze Gold. Sein Vortrag schl\u00e4gt einen weiten Bogen von den ersten gefahrvollen Sch\u00fcrfungen bis zum heute absehbaren Peak Oil, dem Entzug von der Droge Erd\u00f6l. Dazwischen: einiges \u00fcber Petrochemie, Glanz [&hellip;]<\/p>\n","protected":false},"author":2,"featured_media":0,"comment_status":"open","ping_status":"open","sticky":false,"template":"","format":"standard","meta":{"footnotes":""},"categories":[13,8],"tags":[151,150,152],"class_list":["post-1590","post","type-post","status-publish","format-standard","hentry","category-videos","category-aufsatze-vortrage","tag-elsass","tag-erdoel","tag-scheld"],"_links":{"self":[{"href":"http:\/\/historischer-verein-speyer.de\/index.php?rest_route=\/wp\/v2\/posts\/1590","targetHints":{"allow":["GET"]}}],"collection":[{"href":"http:\/\/historischer-verein-speyer.de\/index.php?rest_route=\/wp\/v2\/posts"}],"about":[{"href":"http:\/\/historischer-verein-speyer.de\/index.php?rest_route=\/wp\/v2\/types\/post"}],"author":[{"embeddable":true,"href":"http:\/\/historischer-verein-speyer.de\/index.php?rest_route=\/wp\/v2\/users\/2"}],"replies":[{"embeddable":true,"href":"http:\/\/historischer-verein-speyer.de\/index.php?rest_route=%2Fwp%2Fv2%2Fcomments&post=1590"}],"version-history":[{"count":1,"href":"http:\/\/historischer-verein-speyer.de\/index.php?rest_route=\/wp\/v2\/posts\/1590\/revisions"}],"predecessor-version":[{"id":1591,"href":"http:\/\/historischer-verein-speyer.de\/index.php?rest_route=\/wp\/v2\/posts\/1590\/revisions\/1591"}],"wp:attachment":[{"href":"http:\/\/historischer-verein-speyer.de\/index.php?rest_route=%2Fwp%2Fv2%2Fmedia&parent=1590"}],"wp:term":[{"taxonomy":"category","embeddable":true,"href":"http:\/\/historischer-verein-speyer.de\/index.php?rest_route=%2Fwp%2Fv2%2Fcategories&post=1590"},{"taxonomy":"post_tag","embeddable":true,"href":"http:\/\/historischer-verein-speyer.de\/index.php?rest_route=%2Fwp%2Fv2%2Ftags&post=1590"}],"curies":[{"name":"wp","href":"https:\/\/api.w.org\/{rel}","templated":true}]}}