{"id":1636,"date":"2014-10-27T08:44:53","date_gmt":"2014-10-27T06:44:53","guid":{"rendered":"http:\/\/historischer-verein-speyer.de\/?p=1636"},"modified":"2014-10-27T08:44:53","modified_gmt":"2014-10-27T06:44:53","slug":"schusterturm","status":"publish","type":"post","link":"http:\/\/historischer-verein-speyer.de\/?p=1636","title":{"rendered":"Schusterturm"},"content":{"rendered":"<p><strong>Schusterturm<\/strong>\u00a0(1546), Turm beim Halben Dach (1773). Wegen der Verwechslung mit dem eigentlich namenlosen Pulverturm im Maulbronner Klosterhof-Garten (am Lauerzwinger) halten wir uns an die klaren Namenslisten von 1500 bis 1632 und k\u00f6nnen dadurch die Formulierung von 1611 durchschauen, die dann 1773 bei Becker und allen Sp\u00e4teren zur Namensvertauschung und zum Verlegenheitsnamen &#8222;Turm beim Halben Dach&#8220; gef\u00fchrt hat. Die Listen zeigen: 1500: Judenturm (B\u00e4cker) &#8211; Schusterturm (-) &#8211; Turm beim Frauenhaus (Metzger) &#8211; Salzturm (Turmh\u00fcter); 1546: Judenturm &#8211; Schusterturm &#8211; Turm n\u00e4chst dem Salzturm, Turm bei dem Maulbronner Garten, &#8222;steet ein Zuckerm\u00fcl daruff&#8220; &#8211; Salzturm; 1611: Judenturm (B\u00e4cker) &#8211; Turm in der Lauergasse (Lauerzunft) &#8211; Schusterturm &#8211; daran nachfolgender Turm, &#8222;sind zwey Gew\u00f6lb obenauf, darinnen etkliche Centner oder Thonnen Pulfers&#8220; &#8211; Salzturm (Salzg\u00e4sserzunft); 1632: Judenturm &#8211; &#8222;der ein Bulfferduhrn, ist noch zu brauchen&#8220; &#8211; &#8222;der ander [Pulverturm], darin die M\u00fclle, ist sehr verderbtt&#8220; &#8211; Salzturm.<\/p>\n<p>Der Name\u00a0<strong>Turm beim halben Dach\u00a0<\/strong>f\u00fcr den Schusterturm kam wohl erst nach der Zerst\u00f6rung von 1689 auf, als es mit der Funktion eines Pulverturms vorbei war. Becker misst die Turmruine genau ein; er gibt ihr den vern\u00fcnftig gebildeten neuen Namen, weil er den n\u00e4chsten f\u00fcr den &#8222;Schusterturm&#8220; h\u00e4lt. &#8222;Turm beim halben Dach&#8220; ist also kein falscher, aber ein Barockname. Ich vermeide ihn daher (vgl. B\u00e4ckerturm\/Totengr\u00e4berturm). &#8222;Am halben Dach&#8220; war damals eine Sackgasse, die zum Anwesen &#8222;zum halben Dach&#8220; f\u00fchrte. Die Dachform des &#8222;Halben Hauses&#8220; muss man als ungew\u00f6hnlich empfunden haben. Es war an die Stadtmauer angebaut und hatte (mit Sondergenehmigung) eine T\u00fcr auf den Wehrgang hinaus.<\/p>\n","protected":false},"excerpt":{"rendered":"<p>Schusterturm\u00a0(1546), Turm beim Halben Dach (1773). Wegen der Verwechslung mit dem eigentlich namenlosen Pulverturm im Maulbronner Klosterhof-Garten (am Lauerzwinger) halten wir uns an die klaren Namenslisten von 1500 bis 1632 und k\u00f6nnen dadurch die Formulierung von 1611 durchschauen, die dann 1773 bei Becker und allen Sp\u00e4teren zur Namensvertauschung und zum Verlegenheitsnamen &#8222;Turm beim Halben Dach&#8220; [&hellip;]<\/p>\n","protected":false},"author":2,"featured_media":0,"comment_status":"open","ping_status":"open","sticky":false,"template":"","format":"standard","meta":{"footnotes":""},"categories":[11],"tags":[166,15,109,157],"class_list":["post-1636","post","type-post","status-publish","format-standard","hentry","category-stadtgeschichte","tag-schusterturm","tag-speyer","tag-stadtmauer","tag-turmnamen"],"_links":{"self":[{"href":"http:\/\/historischer-verein-speyer.de\/index.php?rest_route=\/wp\/v2\/posts\/1636","targetHints":{"allow":["GET"]}}],"collection":[{"href":"http:\/\/historischer-verein-speyer.de\/index.php?rest_route=\/wp\/v2\/posts"}],"about":[{"href":"http:\/\/historischer-verein-speyer.de\/index.php?rest_route=\/wp\/v2\/types\/post"}],"author":[{"embeddable":true,"href":"http:\/\/historischer-verein-speyer.de\/index.php?rest_route=\/wp\/v2\/users\/2"}],"replies":[{"embeddable":true,"href":"http:\/\/historischer-verein-speyer.de\/index.php?rest_route=%2Fwp%2Fv2%2Fcomments&post=1636"}],"version-history":[{"count":1,"href":"http:\/\/historischer-verein-speyer.de\/index.php?rest_route=\/wp\/v2\/posts\/1636\/revisions"}],"predecessor-version":[{"id":1637,"href":"http:\/\/historischer-verein-speyer.de\/index.php?rest_route=\/wp\/v2\/posts\/1636\/revisions\/1637"}],"wp:attachment":[{"href":"http:\/\/historischer-verein-speyer.de\/index.php?rest_route=%2Fwp%2Fv2%2Fmedia&parent=1636"}],"wp:term":[{"taxonomy":"category","embeddable":true,"href":"http:\/\/historischer-verein-speyer.de\/index.php?rest_route=%2Fwp%2Fv2%2Fcategories&post=1636"},{"taxonomy":"post_tag","embeddable":true,"href":"http:\/\/historischer-verein-speyer.de\/index.php?rest_route=%2Fwp%2Fv2%2Ftags&post=1636"}],"curies":[{"name":"wp","href":"https:\/\/api.w.org\/{rel}","templated":true}]}}