{"id":1653,"date":"2014-10-28T08:48:59","date_gmt":"2014-10-28T06:48:59","guid":{"rendered":"http:\/\/historischer-verein-speyer.de\/?p=1653"},"modified":"2014-10-28T08:48:59","modified_gmt":"2014-10-28T06:48:59","slug":"unteres-lauertor","status":"publish","type":"post","link":"http:\/\/historischer-verein-speyer.de\/?p=1653","title":{"rendered":"Unteres Lauertor"},"content":{"rendered":"<p><strong>Unteres Lauertor.<\/strong> &#8222;Porta cerdonum&#8220; im 14. Jahrhundert; Lawerthor, 1640; 1430 hei\u00dft es Lauwertorlin; 1773 &#8222;das Thor,so in die Lahrgasse gehet&#8220;. Die Salzturmbr\u00fccke hie\u00df zun\u00e4chst Lauerbr\u00fccke, weil das Lauerviertel hier begann.<\/p>\n","protected":false},"excerpt":{"rendered":"<p>Unteres Lauertor. &#8222;Porta cerdonum&#8220; im 14. Jahrhundert; Lawerthor, 1640; 1430 hei\u00dft es Lauwertorlin; 1773 &#8222;das Thor,so in die Lahrgasse gehet&#8220;. Die Salzturmbr\u00fccke hie\u00df zun\u00e4chst Lauerbr\u00fccke, weil das Lauerviertel hier begann.<\/p>\n","protected":false},"author":2,"featured_media":0,"comment_status":"open","ping_status":"open","sticky":false,"template":"","format":"standard","meta":{"footnotes":""},"categories":[11],"tags":[15,109,157,170],"class_list":["post-1653","post","type-post","status-publish","format-standard","hentry","category-stadtgeschichte","tag-speyer","tag-stadtmauer","tag-turmnamen","tag-unteres-lauertor"],"_links":{"self":[{"href":"http:\/\/historischer-verein-speyer.de\/index.php?rest_route=\/wp\/v2\/posts\/1653","targetHints":{"allow":["GET"]}}],"collection":[{"href":"http:\/\/historischer-verein-speyer.de\/index.php?rest_route=\/wp\/v2\/posts"}],"about":[{"href":"http:\/\/historischer-verein-speyer.de\/index.php?rest_route=\/wp\/v2\/types\/post"}],"author":[{"embeddable":true,"href":"http:\/\/historischer-verein-speyer.de\/index.php?rest_route=\/wp\/v2\/users\/2"}],"replies":[{"embeddable":true,"href":"http:\/\/historischer-verein-speyer.de\/index.php?rest_route=%2Fwp%2Fv2%2Fcomments&post=1653"}],"version-history":[{"count":1,"href":"http:\/\/historischer-verein-speyer.de\/index.php?rest_route=\/wp\/v2\/posts\/1653\/revisions"}],"predecessor-version":[{"id":1654,"href":"http:\/\/historischer-verein-speyer.de\/index.php?rest_route=\/wp\/v2\/posts\/1653\/revisions\/1654"}],"wp:attachment":[{"href":"http:\/\/historischer-verein-speyer.de\/index.php?rest_route=%2Fwp%2Fv2%2Fmedia&parent=1653"}],"wp:term":[{"taxonomy":"category","embeddable":true,"href":"http:\/\/historischer-verein-speyer.de\/index.php?rest_route=%2Fwp%2Fv2%2Fcategories&post=1653"},{"taxonomy":"post_tag","embeddable":true,"href":"http:\/\/historischer-verein-speyer.de\/index.php?rest_route=%2Fwp%2Fv2%2Ftags&post=1653"}],"curies":[{"name":"wp","href":"https:\/\/api.w.org\/{rel}","templated":true}]}}