{"id":1691,"date":"2014-10-30T08:49:12","date_gmt":"2014-10-30T06:49:12","guid":{"rendered":"http:\/\/historischer-verein-speyer.de\/?p=1691"},"modified":"2014-10-30T08:49:12","modified_gmt":"2014-10-30T06:49:12","slug":"metzgerturm","status":"publish","type":"post","link":"http:\/\/historischer-verein-speyer.de\/?p=1691","title":{"rendered":"Metzgerturm"},"content":{"rendered":"<p><strong>Metzgerturm<\/strong>\u00a0<em><\/em>(1773). In keinem der Begehungsprotokolle ist er genannt, aber gro\u00df bei Matth\u00e4us Merian (1620) zu sehen und im Plan von 1730 beim Buchstaben &#8222;p&#8220;. Die Plan-Legende sagt dagegen: &#8222;p. Der Zimmerleut Thurn&#8220;.<\/p>\n<p>Der richtig gezeichnete Zimmerleutturm geht leer aus. Zeu\u00df lie\u00df diesen Fehler in der Kopie von Peter Z\u00e4ch offenbar korrigieren und den Metzgerturm ohne Bemerkung bleiben. Die erste Namensnennung scheint Becker 1773 zu bringen. Der Turm muss in so schlechtem Zustand gewesen sein, dass man die starke Metzgerzunft fr\u00fch anderswohin get\u00fcrmt hat. 1500 sa\u00dfen die Metzger auf dem Pulverturm &#8222;bey dem Frawenhau\u00df&#8220;, 1611 auf dem Neup\u00f6rtel, &#8222;dem Newburgthurn und -thor&#8220;.<\/p>\n<p>&nbsp;<\/p>\n","protected":false},"excerpt":{"rendered":"<p>Metzgerturm\u00a0(1773). In keinem der Begehungsprotokolle ist er genannt, aber gro\u00df bei Matth\u00e4us Merian (1620) zu sehen und im Plan von 1730 beim Buchstaben &#8222;p&#8220;. Die Plan-Legende sagt dagegen: &#8222;p. Der Zimmerleut Thurn&#8220;. Der richtig gezeichnete Zimmerleutturm geht leer aus. Zeu\u00df lie\u00df diesen Fehler in der Kopie von Peter Z\u00e4ch offenbar korrigieren und den Metzgerturm ohne [&hellip;]<\/p>\n","protected":false},"author":2,"featured_media":0,"comment_status":"closed","ping_status":"open","sticky":false,"template":"","format":"standard","meta":{"footnotes":""},"categories":[11],"tags":[181,15,109,157],"class_list":["post-1691","post","type-post","status-publish","format-standard","hentry","category-stadtgeschichte","tag-metzgerturm","tag-speyer","tag-stadtmauer","tag-turmnamen"],"_links":{"self":[{"href":"http:\/\/historischer-verein-speyer.de\/index.php?rest_route=\/wp\/v2\/posts\/1691","targetHints":{"allow":["GET"]}}],"collection":[{"href":"http:\/\/historischer-verein-speyer.de\/index.php?rest_route=\/wp\/v2\/posts"}],"about":[{"href":"http:\/\/historischer-verein-speyer.de\/index.php?rest_route=\/wp\/v2\/types\/post"}],"author":[{"embeddable":true,"href":"http:\/\/historischer-verein-speyer.de\/index.php?rest_route=\/wp\/v2\/users\/2"}],"replies":[{"embeddable":true,"href":"http:\/\/historischer-verein-speyer.de\/index.php?rest_route=%2Fwp%2Fv2%2Fcomments&post=1691"}],"version-history":[{"count":1,"href":"http:\/\/historischer-verein-speyer.de\/index.php?rest_route=\/wp\/v2\/posts\/1691\/revisions"}],"predecessor-version":[{"id":1692,"href":"http:\/\/historischer-verein-speyer.de\/index.php?rest_route=\/wp\/v2\/posts\/1691\/revisions\/1692"}],"wp:attachment":[{"href":"http:\/\/historischer-verein-speyer.de\/index.php?rest_route=%2Fwp%2Fv2%2Fmedia&parent=1691"}],"wp:term":[{"taxonomy":"category","embeddable":true,"href":"http:\/\/historischer-verein-speyer.de\/index.php?rest_route=%2Fwp%2Fv2%2Fcategories&post=1691"},{"taxonomy":"post_tag","embeddable":true,"href":"http:\/\/historischer-verein-speyer.de\/index.php?rest_route=%2Fwp%2Fv2%2Ftags&post=1691"}],"curies":[{"name":"wp","href":"https:\/\/api.w.org\/{rel}","templated":true}]}}