{"id":1794,"date":"2015-02-18T21:10:36","date_gmt":"2015-02-18T19:10:36","guid":{"rendered":"http:\/\/historischer-verein-speyer.de\/?p=1794"},"modified":"2015-02-18T21:10:36","modified_gmt":"2015-02-18T19:10:36","slug":"neue-grabungen-am-dom","status":"publish","type":"post","link":"http:\/\/historischer-verein-speyer.de\/?p=1794","title":{"rendered":"Neue Grabungen am Dom"},"content":{"rendered":"<p><strong>Speyer, 1. Quartal 1965:<\/strong><\/p>\n<p>Neue Grabungen am Speyerer Domh\u00fcgel, mit denen voraussichtlich in diesem Jahr begonnen wird, sollen weitere Aufkl\u00e4rung bringen \u00fcber die Lage und Ausdehnung der Vorg\u00e4ngerbauten des Domes, der einstigen K\u00f6nigspfalz und eines r\u00f6mischen Kastells. Das Amt f\u00fcr Vor- und Fr\u00fchgeschichte der Pfalz in Speyer hat diese Grabungspl\u00e4ne in sein Programm f\u00fcr 1965 aufgenommen. Die Deutsche Forschungsgemeinschaft wird das Projekt weitgehend finanzieren.<\/p>\n<p>Aus: Vierteljahresheft Speyer Fr\u00fchjahr 1965<\/p>\n<p>&nbsp;<\/p>\n","protected":false},"excerpt":{"rendered":"<p>Speyer, 1. Quartal 1965: Neue Grabungen am Speyerer Domh\u00fcgel, mit denen voraussichtlich in diesem Jahr begonnen wird, sollen weitere Aufkl\u00e4rung bringen \u00fcber die Lage und Ausdehnung der Vorg\u00e4ngerbauten des Domes, der einstigen K\u00f6nigspfalz und eines r\u00f6mischen Kastells. Das Amt f\u00fcr Vor- und Fr\u00fchgeschichte der Pfalz in Speyer hat diese Grabungspl\u00e4ne in sein Programm f\u00fcr 1965 [&hellip;]<\/p>\n","protected":false},"author":2,"featured_media":0,"comment_status":"closed","ping_status":"open","sticky":false,"template":"","format":"standard","meta":{"footnotes":""},"categories":[202],"tags":[55,15,203],"class_list":["post-1794","post","type-post","status-publish","format-standard","hentry","category-kleine-stadtchronik","tag-dom","tag-speyer","tag-vierteljahresheft"],"_links":{"self":[{"href":"http:\/\/historischer-verein-speyer.de\/index.php?rest_route=\/wp\/v2\/posts\/1794","targetHints":{"allow":["GET"]}}],"collection":[{"href":"http:\/\/historischer-verein-speyer.de\/index.php?rest_route=\/wp\/v2\/posts"}],"about":[{"href":"http:\/\/historischer-verein-speyer.de\/index.php?rest_route=\/wp\/v2\/types\/post"}],"author":[{"embeddable":true,"href":"http:\/\/historischer-verein-speyer.de\/index.php?rest_route=\/wp\/v2\/users\/2"}],"replies":[{"embeddable":true,"href":"http:\/\/historischer-verein-speyer.de\/index.php?rest_route=%2Fwp%2Fv2%2Fcomments&post=1794"}],"version-history":[{"count":1,"href":"http:\/\/historischer-verein-speyer.de\/index.php?rest_route=\/wp\/v2\/posts\/1794\/revisions"}],"predecessor-version":[{"id":1795,"href":"http:\/\/historischer-verein-speyer.de\/index.php?rest_route=\/wp\/v2\/posts\/1794\/revisions\/1795"}],"wp:attachment":[{"href":"http:\/\/historischer-verein-speyer.de\/index.php?rest_route=%2Fwp%2Fv2%2Fmedia&parent=1794"}],"wp:term":[{"taxonomy":"category","embeddable":true,"href":"http:\/\/historischer-verein-speyer.de\/index.php?rest_route=%2Fwp%2Fv2%2Fcategories&post=1794"},{"taxonomy":"post_tag","embeddable":true,"href":"http:\/\/historischer-verein-speyer.de\/index.php?rest_route=%2Fwp%2Fv2%2Ftags&post=1794"}],"curies":[{"name":"wp","href":"https:\/\/api.w.org\/{rel}","templated":true}]}}