{"id":1822,"date":"2015-04-23T17:48:08","date_gmt":"2015-04-23T15:48:08","guid":{"rendered":"http:\/\/historischer-verein-speyer.de\/?p=1822"},"modified":"2015-04-23T17:48:08","modified_gmt":"2015-04-23T15:48:08","slug":"vortrag-20-04-2015-zuenfte-in-speyer-im-13-und-14-jahrhundert","status":"publish","type":"post","link":"http:\/\/historischer-verein-speyer.de\/?p=1822","title":{"rendered":"Vortrag 20.04.2015: Z\u00fcnfte in Speyer im 13. und 14. Jahrhundert"},"content":{"rendered":"<p>Referentin: Dr. Andrea Clemens (Hochdorf-Assenheim)<\/p>\n<p><iframe loading=\"lazy\" title=\"20.4.2015: Z\u00fcnfte in Speyer im 13. und 14. Jahrhundert\" width=\"768\" height=\"432\" src=\"https:\/\/www.youtube.com\/embed\/RcoBdZ64Uw4?feature=oembed\" frameborder=\"0\" allow=\"accelerometer; autoplay; clipboard-write; encrypted-media; gyroscope; picture-in-picture\" allowfullscreen><\/iframe><\/p>\n<p>&nbsp;<br \/>\nZ\u00fcnfte in Speyer im 13. und 14. Jahrhundert<br \/>\nDie Entwicklung der Z\u00fcnfte im Mittelalter ist eng mit dem Aufbl\u00fchen der St\u00e4dte verbunden. Markt, Stadt und Zunft stehen in einer engen Wechselbeziehung zueinander und erg\u00e4nzen sich gegenseitig. Sie waren allerdings keine statischen Gebilde, sondern unterlagen vielf\u00e4ltigsten Entwicklungen, f\u00fcr die das 13. und 14. Jahrhundert eine entscheidende Phase darstellte. Auch in der Reichsstadt Speyer bildeten sich Z\u00fcnfte heraus, deren Zunftordnungen und hierarchische Gliederung eine ma\u00dfgebliche Grundlage f\u00fcr die innerst\u00e4dtische Ordnung bildeten und ein Spiegel der gesellschaftlichen Verh\u00e4ltnisse in der Stadt waren. Die darin zusammengeschlossenen Handwerker besa\u00dfen schon fr\u00fch als vollwertige B\u00fcrger Rechte und Pflichten innerhalb der Stadtgemeinde. Auf der Basis der Zunftorganisation bildete sich im Rahmen der innerst\u00e4dtischen Auseinandersetzungen des 14. Jahrhunderts eine Zunftherrschaft heraus, die zu einem neuen Zunftbegriff f\u00fchrte und das Funktionsspektrum der Speyerer Z\u00fcnfte um einen herrschaftlich-politischen<wbr \/> Aspekt erg\u00e4nzte. Somit bildeten die Z\u00fcnfte ein konstitutives Element der st\u00e4dtischen Verfassung.<\/p>\n","protected":false},"excerpt":{"rendered":"<p>Referentin: Dr. Andrea Clemens (Hochdorf-Assenheim) &nbsp; Z\u00fcnfte in Speyer im 13. und 14. Jahrhundert Die Entwicklung der Z\u00fcnfte im Mittelalter ist eng mit dem Aufbl\u00fchen der St\u00e4dte verbunden. Markt, Stadt und Zunft stehen in einer engen Wechselbeziehung zueinander und erg\u00e4nzen sich gegenseitig. Sie waren allerdings keine statischen Gebilde, sondern unterlagen vielf\u00e4ltigsten Entwicklungen, f\u00fcr die das [&hellip;]<\/p>\n","protected":false},"author":2,"featured_media":0,"comment_status":"closed","ping_status":"open","sticky":false,"template":"","format":"standard","meta":{"footnotes":""},"categories":[13,8],"tags":[15,209],"class_list":["post-1822","post","type-post","status-publish","format-standard","hentry","category-videos","category-aufsatze-vortrage","tag-speyer","tag-zuenfte"],"_links":{"self":[{"href":"http:\/\/historischer-verein-speyer.de\/index.php?rest_route=\/wp\/v2\/posts\/1822","targetHints":{"allow":["GET"]}}],"collection":[{"href":"http:\/\/historischer-verein-speyer.de\/index.php?rest_route=\/wp\/v2\/posts"}],"about":[{"href":"http:\/\/historischer-verein-speyer.de\/index.php?rest_route=\/wp\/v2\/types\/post"}],"author":[{"embeddable":true,"href":"http:\/\/historischer-verein-speyer.de\/index.php?rest_route=\/wp\/v2\/users\/2"}],"replies":[{"embeddable":true,"href":"http:\/\/historischer-verein-speyer.de\/index.php?rest_route=%2Fwp%2Fv2%2Fcomments&post=1822"}],"version-history":[{"count":2,"href":"http:\/\/historischer-verein-speyer.de\/index.php?rest_route=\/wp\/v2\/posts\/1822\/revisions"}],"predecessor-version":[{"id":1824,"href":"http:\/\/historischer-verein-speyer.de\/index.php?rest_route=\/wp\/v2\/posts\/1822\/revisions\/1824"}],"wp:attachment":[{"href":"http:\/\/historischer-verein-speyer.de\/index.php?rest_route=%2Fwp%2Fv2%2Fmedia&parent=1822"}],"wp:term":[{"taxonomy":"category","embeddable":true,"href":"http:\/\/historischer-verein-speyer.de\/index.php?rest_route=%2Fwp%2Fv2%2Fcategories&post=1822"},{"taxonomy":"post_tag","embeddable":true,"href":"http:\/\/historischer-verein-speyer.de\/index.php?rest_route=%2Fwp%2Fv2%2Ftags&post=1822"}],"curies":[{"name":"wp","href":"https:\/\/api.w.org\/{rel}","templated":true}]}}