{"id":1891,"date":"2015-07-24T10:21:26","date_gmt":"2015-07-24T08:21:26","guid":{"rendered":"http:\/\/historischer-verein-speyer.de\/?p=1891"},"modified":"2015-07-24T10:21:26","modified_gmt":"2015-07-24T08:21:26","slug":"turm-zur-nachtigall","status":"publish","type":"post","link":"http:\/\/historischer-verein-speyer.de\/?p=1891","title":{"rendered":"Turm zur Nachtigall"},"content":{"rendered":"<p><strong>Turm zur Nachtigall\u00a0<\/strong>(1611)<\/p>\n<p>Gerade diesen Singvogelnamen vergab man gerne an gro\u00dfe Kanonen, weil der Kontrast so sch\u00f6n martialisch wirkte. Im Speyerer St\u00fcckebestand von 1611 ist indes keine Nachtigall aufgef\u00fchrt. 1595 wird noch umschrieben: Turm in Heck Ulrichs Garten.<\/p>\n","protected":false},"excerpt":{"rendered":"<p>Turm zur Nachtigall\u00a0(1611) Gerade diesen Singvogelnamen vergab man gerne an gro\u00dfe Kanonen, weil der Kontrast so sch\u00f6n martialisch wirkte. Im Speyerer St\u00fcckebestand von 1611 ist indes keine Nachtigall aufgef\u00fchrt. 1595 wird noch umschrieben: Turm in Heck Ulrichs Garten.<\/p>\n","protected":false},"author":2,"featured_media":0,"comment_status":"closed","ping_status":"open","sticky":false,"template":"","format":"standard","meta":{"footnotes":""},"categories":[11],"tags":[15,40,224,157],"class_list":["post-1891","post","type-post","status-publish","format-standard","hentry","category-stadtgeschichte","tag-speyer","tag-stadtbefestigung","tag-turm-zur-nachtigall","tag-turmnamen"],"_links":{"self":[{"href":"http:\/\/historischer-verein-speyer.de\/index.php?rest_route=\/wp\/v2\/posts\/1891","targetHints":{"allow":["GET"]}}],"collection":[{"href":"http:\/\/historischer-verein-speyer.de\/index.php?rest_route=\/wp\/v2\/posts"}],"about":[{"href":"http:\/\/historischer-verein-speyer.de\/index.php?rest_route=\/wp\/v2\/types\/post"}],"author":[{"embeddable":true,"href":"http:\/\/historischer-verein-speyer.de\/index.php?rest_route=\/wp\/v2\/users\/2"}],"replies":[{"embeddable":true,"href":"http:\/\/historischer-verein-speyer.de\/index.php?rest_route=%2Fwp%2Fv2%2Fcomments&post=1891"}],"version-history":[{"count":1,"href":"http:\/\/historischer-verein-speyer.de\/index.php?rest_route=\/wp\/v2\/posts\/1891\/revisions"}],"predecessor-version":[{"id":1892,"href":"http:\/\/historischer-verein-speyer.de\/index.php?rest_route=\/wp\/v2\/posts\/1891\/revisions\/1892"}],"wp:attachment":[{"href":"http:\/\/historischer-verein-speyer.de\/index.php?rest_route=%2Fwp%2Fv2%2Fmedia&parent=1891"}],"wp:term":[{"taxonomy":"category","embeddable":true,"href":"http:\/\/historischer-verein-speyer.de\/index.php?rest_route=%2Fwp%2Fv2%2Fcategories&post=1891"},{"taxonomy":"post_tag","embeddable":true,"href":"http:\/\/historischer-verein-speyer.de\/index.php?rest_route=%2Fwp%2Fv2%2Ftags&post=1891"}],"curies":[{"name":"wp","href":"https:\/\/api.w.org\/{rel}","templated":true}]}}