{"id":1894,"date":"2015-07-24T10:26:05","date_gmt":"2015-07-24T08:26:05","guid":{"rendered":"http:\/\/historischer-verein-speyer.de\/?p=1894"},"modified":"2015-07-24T10:26:05","modified_gmt":"2015-07-24T08:26:05","slug":"turm-zum-greifen","status":"publish","type":"post","link":"http:\/\/historischer-verein-speyer.de\/?p=1894","title":{"rendered":"Turm zum Greifen"},"content":{"rendered":"<p><strong>Turm zum Greifen\u00a0<\/strong>(1611).<\/p>\n<p>Der Greif war ein Fabelwesen mit Fl\u00fcgeln, eine Mischung zwischen L\u00f6we und Adler. 1595 wird noch umschrieben: Turm mit Zinnen, in B\u00fcrgermeister Jerg Engels Garten. Die Wehrplatte hatte ausnahmsweise kein Dach; die Gesch\u00fctze verdarben unter freiem Himmel (1632). In der Judenschul stand 1611 ein Vollst\u00fccklein auf R\u00e4dern bereit mit dem Namen &#8222;Greif&#8220;.<\/p>\n","protected":false},"excerpt":{"rendered":"<p>Turm zum Greifen\u00a0(1611). Der Greif war ein Fabelwesen mit Fl\u00fcgeln, eine Mischung zwischen L\u00f6we und Adler. 1595 wird noch umschrieben: Turm mit Zinnen, in B\u00fcrgermeister Jerg Engels Garten. Die Wehrplatte hatte ausnahmsweise kein Dach; die Gesch\u00fctze verdarben unter freiem Himmel (1632). In der Judenschul stand 1611 ein Vollst\u00fccklein auf R\u00e4dern bereit mit dem Namen &#8222;Greif&#8220;.<\/p>\n","protected":false},"author":2,"featured_media":0,"comment_status":"closed","ping_status":"open","sticky":false,"template":"","format":"standard","meta":{"footnotes":""},"categories":[11],"tags":[15,40,225,157],"class_list":["post-1894","post","type-post","status-publish","format-standard","hentry","category-stadtgeschichte","tag-speyer","tag-stadtbefestigung","tag-turm-zum-greifen","tag-turmnamen"],"_links":{"self":[{"href":"http:\/\/historischer-verein-speyer.de\/index.php?rest_route=\/wp\/v2\/posts\/1894","targetHints":{"allow":["GET"]}}],"collection":[{"href":"http:\/\/historischer-verein-speyer.de\/index.php?rest_route=\/wp\/v2\/posts"}],"about":[{"href":"http:\/\/historischer-verein-speyer.de\/index.php?rest_route=\/wp\/v2\/types\/post"}],"author":[{"embeddable":true,"href":"http:\/\/historischer-verein-speyer.de\/index.php?rest_route=\/wp\/v2\/users\/2"}],"replies":[{"embeddable":true,"href":"http:\/\/historischer-verein-speyer.de\/index.php?rest_route=%2Fwp%2Fv2%2Fcomments&post=1894"}],"version-history":[{"count":1,"href":"http:\/\/historischer-verein-speyer.de\/index.php?rest_route=\/wp\/v2\/posts\/1894\/revisions"}],"predecessor-version":[{"id":1895,"href":"http:\/\/historischer-verein-speyer.de\/index.php?rest_route=\/wp\/v2\/posts\/1894\/revisions\/1895"}],"wp:attachment":[{"href":"http:\/\/historischer-verein-speyer.de\/index.php?rest_route=%2Fwp%2Fv2%2Fmedia&parent=1894"}],"wp:term":[{"taxonomy":"category","embeddable":true,"href":"http:\/\/historischer-verein-speyer.de\/index.php?rest_route=%2Fwp%2Fv2%2Fcategories&post=1894"},{"taxonomy":"post_tag","embeddable":true,"href":"http:\/\/historischer-verein-speyer.de\/index.php?rest_route=%2Fwp%2Fv2%2Ftags&post=1894"}],"curies":[{"name":"wp","href":"https:\/\/api.w.org\/{rel}","templated":true}]}}