{"id":1973,"date":"2016-05-04T15:25:22","date_gmt":"2016-05-04T13:25:22","guid":{"rendered":"http:\/\/historischer-verein-speyer.de\/?p=1973"},"modified":"2016-05-04T15:27:05","modified_gmt":"2016-05-04T13:27:05","slug":"einladung-zur-3-vollversammlung-des-trinationalen-netzwerks-der-geschichtsvereine-am-oberrhein-am-18-juni-2016-in-speyer","status":"publish","type":"post","link":"http:\/\/historischer-verein-speyer.de\/?p=1973","title":{"rendered":"Einladung zur 3. Vollversammlung des trinationalen Netzwerks der Geschichtsvereine am Oberrhein am 18. Juni 2016 in Speyer"},"content":{"rendered":"<p>Sehr geehrte Damen und Herren,<\/p>\n<p>&nbsp;<\/p>\n<p>wir laden Sie herzlich zur 3. Vollversammlung des trinationalen Netzwerks der Geschichtsvereine am Oberrhein ein. Sie findet am Samstag, 18. Juni 2016 im Historischen Rathaus, Historischer Ratssaal, Maximilianstr. 12, 67346 Speyer statt. Anbei finden Sie den Link mit dem Tagungsprogramm:<\/p>\n<p>&nbsp;<\/p>\n<p><a title=\"http:\/\/www.hist-verein-pfalz.de\/downloads\/Einladung_3Vollversammlung-1.pdf\" href=\"http:\/\/www.hist-verein-pfalz.de\/downloads\/Einladung_3Vollversammlung-1.pdf\">http:\/\/www.hist-verein-pfalz.de\/downloads\/Einladung_3Vollversammlung-1.pdf<\/a><\/p>\n<p>&nbsp;<\/p>\n<p>Bitte melden Sie sich bis zum 11. Juni 2016 beim Historischen Verein der Pfalz an. Sollten Sie eine \u00dcbernachtungsm\u00f6glichkeit ben\u00f6tigen, haben wir ein Kontingent an Hotelzimmer in Speyer reserviert. Diese k\u00f6nnen Sie mit dem Buchungsformular im nachfolgenden Link direkt bei der Tourist-Information Speyer auf eigene Rechnung buchen:<\/p>\n<p>&nbsp;<\/p>\n<p><a title=\"http:\/\/hist-verein-pfalz.de\/downloads\/temp\/Hotel_Buchungsformular.pdf\" href=\"http:\/\/hist-verein-pfalz.de\/downloads\/temp\/Hotel_Buchungsformular.pdf\">http:\/\/hist-verein-pfalz.de\/downloads\/temp\/Hotel_Buchungsformular.pdf<\/a><\/p>\n<p>&nbsp;<\/p>\n<p>\u00dcber Ihr Kommen w\u00fcrden wir uns sehr freuen.<\/p>\n<p>Mit freundlichen Gr\u00fc\u00dfen<\/p>\n<p>&nbsp;<\/p>\n<p>Karoline K\u00e4lber<\/p>\n<p>Gesch\u00e4ftsstelle<\/p>\n<p>Historischer Verein der Pfalz e. V.<\/p>\n<p>Domplatz 4<\/p>\n<p>67346 Speyer<\/p>\n<p>Tel. 06232 1325-23<\/p>\n<p>Fax 06232 1325-40<\/p>\n<p>Email:\u00a0<a href=\"https:\/\/3c.web.de\/mail\/client\/mail\/mailto;jsessionid=8F0A60A385B019E92C22C9BB96C0D392-n2.bs08b?to=hv%40museum.speyer.de\" target=\"_parent\">hv@museum.speyer.de<\/a><\/p>\n<p><a href=\"https:\/\/deref-web.de\/mail\/client\/dereferrer\/?redirectUrl=http%3A%2F%2Fwww.hist-verein-pfalz.de\" target=\"_blank\">www.hist-verein-pfalz.de<\/a><\/p>\n","protected":false},"excerpt":{"rendered":"<p>Sehr geehrte Damen und Herren, &nbsp; wir laden Sie herzlich zur 3. Vollversammlung des trinationalen Netzwerks der Geschichtsvereine am Oberrhein ein. Sie findet am Samstag, 18. Juni 2016 im Historischen Rathaus, Historischer Ratssaal, Maximilianstr. 12, 67346 Speyer statt. Anbei finden Sie den Link mit dem Tagungsprogramm: &nbsp; http:\/\/www.hist-verein-pfalz.de\/downloads\/Einladung_3Vollversammlung-1.pdf &nbsp; Bitte melden Sie sich bis zum [&hellip;]<\/p>\n","protected":false},"author":2,"featured_media":0,"comment_status":"closed","ping_status":"open","sticky":false,"template":"","format":"standard","meta":{"footnotes":""},"categories":[1],"tags":[],"class_list":["post-1973","post","type-post","status-publish","format-standard","hentry","category-allgemein"],"_links":{"self":[{"href":"http:\/\/historischer-verein-speyer.de\/index.php?rest_route=\/wp\/v2\/posts\/1973","targetHints":{"allow":["GET"]}}],"collection":[{"href":"http:\/\/historischer-verein-speyer.de\/index.php?rest_route=\/wp\/v2\/posts"}],"about":[{"href":"http:\/\/historischer-verein-speyer.de\/index.php?rest_route=\/wp\/v2\/types\/post"}],"author":[{"embeddable":true,"href":"http:\/\/historischer-verein-speyer.de\/index.php?rest_route=\/wp\/v2\/users\/2"}],"replies":[{"embeddable":true,"href":"http:\/\/historischer-verein-speyer.de\/index.php?rest_route=%2Fwp%2Fv2%2Fcomments&post=1973"}],"version-history":[{"count":3,"href":"http:\/\/historischer-verein-speyer.de\/index.php?rest_route=\/wp\/v2\/posts\/1973\/revisions"}],"predecessor-version":[{"id":1976,"href":"http:\/\/historischer-verein-speyer.de\/index.php?rest_route=\/wp\/v2\/posts\/1973\/revisions\/1976"}],"wp:attachment":[{"href":"http:\/\/historischer-verein-speyer.de\/index.php?rest_route=%2Fwp%2Fv2%2Fmedia&parent=1973"}],"wp:term":[{"taxonomy":"category","embeddable":true,"href":"http:\/\/historischer-verein-speyer.de\/index.php?rest_route=%2Fwp%2Fv2%2Fcategories&post=1973"},{"taxonomy":"post_tag","embeddable":true,"href":"http:\/\/historischer-verein-speyer.de\/index.php?rest_route=%2Fwp%2Fv2%2Ftags&post=1973"}],"curies":[{"name":"wp","href":"https:\/\/api.w.org\/{rel}","templated":true}]}}