{"id":1981,"date":"2016-05-10T07:12:08","date_gmt":"2016-05-10T05:12:08","guid":{"rendered":"http:\/\/historischer-verein-speyer.de\/?p=1981"},"modified":"2016-05-10T07:33:21","modified_gmt":"2016-05-10T05:33:21","slug":"das-abenteuerliche-leben-des-speyerer-fliegers-franz-josef-walz","status":"publish","type":"post","link":"http:\/\/historischer-verein-speyer.de\/?p=1981","title":{"rendered":"Das abenteuerliche Leben des Speyerer Fliegers Franz Josef Walz"},"content":{"rendered":"<p><b>\u00dcber dem Nahen und dem Fernen Osten<\/b><\/p>\n<p>Ein zeitweise abenteuerliches Leben f\u00fchrte ein am 18. Dezember 1945 mit 60 Jahren in Polen gestorbener Speyerer. Franz Josef Walz war ab August 1917 Kommandeur der Fliegerabteilung 304b in dem haupts\u00e4chlich im heutigen Israel und in Syrien eingesetzten deutschen Asien-Korps und nahm zwischen 1927 und 1929 als Flieger an der chinesisch-schwedischen Expedition des schon damals legend\u00e4ren Forschers Sven Hedin teil.<\/p>\n<p>Der Fliegerei war der am 4. Dezember 1885 in Speyer geborene Walz vermutlich in seiner Heimatstadt nahe gekommen. Hier wurden ab 1908 Flugzeuge gebaut. 1913 begann Walz in M\u00fcnchen-Schlei\u00dfheim eine Pilotenausbildung, kam bei Ausbruch des 1. Weltkriegs 1914 an die Westfront, wurde verwundet und stieg nach seiner Genesung zum Staffelf\u00fchrer der Jagdstaffel 2 auf. Ende August, inzwischen wegen sieben Luftsiegen ausgezeichnet, begann sein Abenteuer im Nahen Osten.<\/p>\n<p>Der Speyerer wurde Kommandeur der Fliegerabteilung 304b im deutschen Asien-Korps. Mit dem halfen die Deutschen den Osmanen, ihre Provinzen Pal\u00e4stina und Syrien gegen die Briten zu verteidigen. Einer von deren f\u00fchrenden Gener\u00e4len wurde sp\u00e4ter auch dank Hollywood zu einem ber\u00fchmten Mann: Thomas Edward Lawrence, der &#8222;Lawrence of Arabia&#8220;.<\/p>\n<p>Der Speyerer d\u00fcrfte oft vom ihm geh\u00f6rt haben, auch wenn er und seine Fliegerabteilung ein vergleichsweise ruhiges Leben f\u00fchren konnten: Sie waren nur anf\u00e4nglich zum K\u00e4mpfen eingesetzt. Stattdessen flogen Franz Josef Walz und seine Staffel mit Kameraleuten als &#8222;Begleitoffizieren&#8220; in Gebiete, aus denen sich auch Geografen, Geologen, Historiker, Arch\u00e4ologen und Orientalisten neue Erkenntnisse erhofften. Es entstanden Aufnahmen von Palmyra, Jerusalem, Bethlehem, Nazareth, Jericho, Caesarea, Akkon und dem Toten Meer.<\/p>\n<p>Heutige Experten urteilen: &#8222;Die 304b begr\u00fcndete de facto die Luftbildarch\u00e4ologie&#8220;. Zeigen doch die Fotos die historischen Spuren aus biblischer Zeit, aus der Zeit der Kreuzfahrer, der osmanischen Besatzungszeit und die ersten Zeugnisse der neuzeitlichen Besiedlung Pal\u00e4stinas durch die eingewanderten Juden.<\/p>\n<p>&nbsp;<\/p>\n<figure id=\"attachment_1982\" aria-describedby=\"caption-attachment-1982\" style=\"width: 300px\" class=\"wp-caption alignleft\"><a href=\"http:\/\/historischer-verein-speyer.de\/html\/wp-content\/uploads\/2016\/05\/Damaskus.jpg\"><img loading=\"lazy\" decoding=\"async\" class=\"size-medium wp-image-1982\" alt=\"Damaskus; Foto: BayHStA, BS-Pal\u00e4stina 1305a\" src=\"http:\/\/historischer-verein-speyer.de\/html\/wp-content\/uploads\/2016\/05\/Damaskus-300x240.jpg\" width=\"300\" height=\"240\" srcset=\"http:\/\/historischer-verein-speyer.de\/html\/wp-content\/uploads\/2016\/05\/Damaskus-300x240.jpg 300w, http:\/\/historischer-verein-speyer.de\/html\/wp-content\/uploads\/2016\/05\/Damaskus.jpg 446w\" sizes=\"auto, (max-width: 300px) 100vw, 300px\" \/><\/a><figcaption id=\"caption-attachment-1982\" class=\"wp-caption-text\">Damaskus; Foto: BayHStA, BS-Pal\u00e4stina 1305a<\/figcaption><\/figure>\n<p>Die wohl spektakul\u00e4rsten Fotos sind aber die ersten Luftaufnahmen der Pyramiden von Gizeh. Diese Aufnahmen waren gleich nach R\u00fcckkunft der 304b nach M\u00fcnchen in B\u00fcchern und Berichten \u00fcber den Kriegsverlauf im Orient ver\u00f6ffentlicht worden. Sie waren so sensationell, dass man sie f\u00fcr F\u00e4lschungen hielt. Sie und 3000 andere Fotos sind im Bayrischen Kriegsarchiv M\u00fcnchen erhalten.<\/p>\n<p>Nach dem Krieg diente Walz bis 1920 im Schlei\u00dfheimer Fliegerhorst und wechselte von 1920 bis 1934 in den Polizeidienst. Den unterbrach er 1927: Er nahm als einer von acht Piloten an Sven Hedins Expedition teil. Die f\u00fchrte zwischen 1927 und 1935 durch die Mongolei, Teile von China und Tibet. Beteiligt daran war die 1926 gegr\u00fcndete Deutsche Lufthansa, die f\u00fcr eine geplante Fluglinie Berlin &#8211; Peking die M\u00f6glichkeit eines Zwischenlandeplatzes in der W\u00fcste Gobi erkunden wollte.<\/p>\n<p>Walz und seine Kollegen mussten die Expedition abbrechen: Der Generalgouverneur des nordwestchinesischen Territoriums Xinjiang\u00a0 verweigerte im Fr\u00fchjahr 1928 Fl\u00fcge \u00fcber sein Gebiet. Die Lufthansa zog daraufhin ihre Mitarbeiter ab.<\/p>\n<p>Der Speyerer kehrte zur Milit\u00e4rfliegerei zur\u00fcck, wurde 1935 Oberst, 1939 Generalmajor und 1941 Generalleutnant. Er geriet in Kriegsgefangenschaft, die er nicht \u00fcberlebte. (wk)<\/p>\n<p>&nbsp;<\/p>\n","protected":false},"excerpt":{"rendered":"<p>\u00dcber dem Nahen und dem Fernen Osten Ein zeitweise abenteuerliches Leben f\u00fchrte ein am 18. Dezember 1945 mit 60 Jahren in Polen gestorbener Speyerer. Franz Josef Walz war ab August 1917 Kommandeur der Fliegerabteilung 304b in dem haupts\u00e4chlich im heutigen Israel und in Syrien eingesetzten deutschen Asien-Korps und nahm zwischen 1927 und 1929 als Flieger [&hellip;]<\/p>\n","protected":false},"author":2,"featured_media":0,"comment_status":"closed","ping_status":"open","sticky":false,"template":"","format":"standard","meta":{"footnotes":""},"categories":[11],"tags":[75,239,15,240],"class_list":["post-1981","post","type-post","status-publish","format-standard","hentry","category-stadtgeschichte","tag-kauer","tag-palaestina","tag-speyer","tag-weltkrieg"],"_links":{"self":[{"href":"http:\/\/historischer-verein-speyer.de\/index.php?rest_route=\/wp\/v2\/posts\/1981","targetHints":{"allow":["GET"]}}],"collection":[{"href":"http:\/\/historischer-verein-speyer.de\/index.php?rest_route=\/wp\/v2\/posts"}],"about":[{"href":"http:\/\/historischer-verein-speyer.de\/index.php?rest_route=\/wp\/v2\/types\/post"}],"author":[{"embeddable":true,"href":"http:\/\/historischer-verein-speyer.de\/index.php?rest_route=\/wp\/v2\/users\/2"}],"replies":[{"embeddable":true,"href":"http:\/\/historischer-verein-speyer.de\/index.php?rest_route=%2Fwp%2Fv2%2Fcomments&post=1981"}],"version-history":[{"count":2,"href":"http:\/\/historischer-verein-speyer.de\/index.php?rest_route=\/wp\/v2\/posts\/1981\/revisions"}],"predecessor-version":[{"id":1985,"href":"http:\/\/historischer-verein-speyer.de\/index.php?rest_route=\/wp\/v2\/posts\/1981\/revisions\/1985"}],"wp:attachment":[{"href":"http:\/\/historischer-verein-speyer.de\/index.php?rest_route=%2Fwp%2Fv2%2Fmedia&parent=1981"}],"wp:term":[{"taxonomy":"category","embeddable":true,"href":"http:\/\/historischer-verein-speyer.de\/index.php?rest_route=%2Fwp%2Fv2%2Fcategories&post=1981"},{"taxonomy":"post_tag","embeddable":true,"href":"http:\/\/historischer-verein-speyer.de\/index.php?rest_route=%2Fwp%2Fv2%2Ftags&post=1981"}],"curies":[{"name":"wp","href":"https:\/\/api.w.org\/{rel}","templated":true}]}}