{"id":2035,"date":"2016-12-01T15:49:18","date_gmt":"2016-12-01T13:49:18","guid":{"rendered":"http:\/\/historischer-verein-speyer.de\/?p=2035"},"modified":"2016-12-01T15:49:18","modified_gmt":"2016-12-01T13:49:18","slug":"veranstaltungshinweis-7-pfaelzisches-klostersymposium","status":"publish","type":"post","link":"http:\/\/historischer-verein-speyer.de\/?p=2035","title":{"rendered":"Veranstaltungshinweis: 7. Pf\u00e4lzisches Klostersymposium"},"content":{"rendered":"<div>\n<header>\n<div>\n<h1><strong>7. PF\u00c4LZISCHES KLOSTERSYMPOSION AM 9. UND 10. DEZEMBER IN SPEYER<\/strong><\/h1>\n<\/div>\n<div><\/div>\n<\/header>\n<\/div>\n<div>\n<div>\n<figure><a href=\"http:\/\/www.pfalzgeschichte.de\/wp-content\/uploads\/2016\/12\/Dagobert-und-German.jpg\" data-rel=\"lightbox-gallery-1\"><img loading=\"lazy\" decoding=\"async\" class=\"alignnone\" alt=\"K\u00f6nig Dagobert \u00fcberreicht dem Hl. German das Modell der Kirche St. German in Speyer (Bestand: LA Speyer)\" src=\"http:\/\/www.pfalzgeschichte.de\/wp-content\/uploads\/2016\/12\/Dagobert-und-German.jpg\" width=\"315\" height=\"429\" \/><\/a><figcaption>K\u00f6nig Dagobert \u00fcberreicht dem Hl. German das Modell der Kirche St. German in Speyer (Bestand: LA Speyer)<\/p>\n<\/figcaption><\/figure>\n<div>\n<p>Seit 2009 veranstaltet das Institut f\u00fcr pf\u00e4lzische Geschichte und Volkskunde zusammen mit dem Institut f\u00fcr europ\u00e4ische Kunstgeschichte der Universit\u00e4t Heidelberg ein interdisziplin\u00e4res Klostersymposion, um den fachlichen, aber auch den Blick eines interessierten Publikums auf ein bisher wenig beachtetes, aber sehr vielf\u00e4ltiges Thema der pf\u00e4lzischen Geschichte zu lenken. In diesem Jahr findet das Klostersymposion unter dem Thema \u201eNeue Arbeitsergebnisse aus Architektur, Arch\u00e4ologie, Bauforschung, Denkmalpflege und Geschichte\u201c statt. Tagungsort ist das Kloster St. Magdalena, Hasenpfuhlstr. 32 in Speyer. Der Eintritt zu den Vortr\u00e4gen und zur Exkursion ist frei, um Anmeldung wird gebeten unter info@institut.bv-pfalz.de oder Tel.: 0631-3647303.<\/p>\n<p>Hier k\u00f6nnen Sie\u00a0<a href=\"http:\/\/www.pfalzgeschichte.de\/wp-content\/uploads\/2016\/12\/Einladung.pdf\" target=\"_blank\">Einladung und Programm<\/a>\u00a0herunterladen.<\/p>\n<\/div>\n<\/div>\n<\/div>\n","protected":false},"excerpt":{"rendered":"<p>7. PF\u00c4LZISCHES KLOSTERSYMPOSION AM 9. UND 10. DEZEMBER IN SPEYER K\u00f6nig Dagobert \u00fcberreicht dem Hl. German das Modell der Kirche St. German in Speyer (Bestand: LA Speyer) Seit 2009 veranstaltet das Institut f\u00fcr pf\u00e4lzische Geschichte und Volkskunde zusammen mit dem Institut f\u00fcr europ\u00e4ische Kunstgeschichte der Universit\u00e4t Heidelberg ein interdisziplin\u00e4res Klostersymposion, um den fachlichen, aber auch [&hellip;]<\/p>\n","protected":false},"author":2,"featured_media":0,"comment_status":"closed","ping_status":"open","sticky":false,"template":"","format":"standard","meta":{"footnotes":""},"categories":[1],"tags":[],"class_list":["post-2035","post","type-post","status-publish","format-standard","hentry","category-allgemein"],"_links":{"self":[{"href":"http:\/\/historischer-verein-speyer.de\/index.php?rest_route=\/wp\/v2\/posts\/2035","targetHints":{"allow":["GET"]}}],"collection":[{"href":"http:\/\/historischer-verein-speyer.de\/index.php?rest_route=\/wp\/v2\/posts"}],"about":[{"href":"http:\/\/historischer-verein-speyer.de\/index.php?rest_route=\/wp\/v2\/types\/post"}],"author":[{"embeddable":true,"href":"http:\/\/historischer-verein-speyer.de\/index.php?rest_route=\/wp\/v2\/users\/2"}],"replies":[{"embeddable":true,"href":"http:\/\/historischer-verein-speyer.de\/index.php?rest_route=%2Fwp%2Fv2%2Fcomments&post=2035"}],"version-history":[{"count":2,"href":"http:\/\/historischer-verein-speyer.de\/index.php?rest_route=\/wp\/v2\/posts\/2035\/revisions"}],"predecessor-version":[{"id":2037,"href":"http:\/\/historischer-verein-speyer.de\/index.php?rest_route=\/wp\/v2\/posts\/2035\/revisions\/2037"}],"wp:attachment":[{"href":"http:\/\/historischer-verein-speyer.de\/index.php?rest_route=%2Fwp%2Fv2%2Fmedia&parent=2035"}],"wp:term":[{"taxonomy":"category","embeddable":true,"href":"http:\/\/historischer-verein-speyer.de\/index.php?rest_route=%2Fwp%2Fv2%2Fcategories&post=2035"},{"taxonomy":"post_tag","embeddable":true,"href":"http:\/\/historischer-verein-speyer.de\/index.php?rest_route=%2Fwp%2Fv2%2Ftags&post=2035"}],"curies":[{"name":"wp","href":"https:\/\/api.w.org\/{rel}","templated":true}]}}