{"id":2038,"date":"2016-12-08T16:00:56","date_gmt":"2016-12-08T14:00:56","guid":{"rendered":"http:\/\/historischer-verein-speyer.de\/?p=2038"},"modified":"2016-12-08T16:00:56","modified_gmt":"2016-12-08T14:00:56","slug":"altpoertel-vor-verfall-gerettet","status":"publish","type":"post","link":"http:\/\/historischer-verein-speyer.de\/?p=2038","title":{"rendered":"Altp\u00f6rtel vor Verfall gerettet"},"content":{"rendered":"<p>&nbsp;<\/p>\n<h4><b>1966 endete zehnj\u00e4hrige erste Sanierungsaktion &#8211; &#8222;Wieder fest und sicher&#8220;<\/b><\/h4>\n<p>&nbsp;<\/p>\n<p>Seit 1997 zieht das vorweihnachtliche Feuerwerk &#8222;Altp\u00f6rtel in Flammen&#8220; stets Tausende von Besuchern in die Speyerer Innenstadt, am 15. Dezember wird es zum zweiten Mal im Advent 2016 so sein. Vermutlich nicht alle d\u00fcrften wissen, dass sie das Spektakel nur erleben k\u00f6nnen, weil einer der sch\u00f6nsten Stadttort\u00fcrme Deutschlands in einer vor 60 Jahren beendeten zehnj\u00e4hrigen ersten Aktion vor dem Verfall gerettet worden ist.<\/p>\n<p>1966 meldeten Zeitungen im S\u00fcdwesten &#8222;Das Altp\u00f6rtel in Speyer steht wieder fest und sicher&#8220;. In jenem Jahr waren die 1956 begonnenen Sanierungsarbeiten abgeschlossen. Sie hatten an Planer und Bauleute von Stadtbauamt und Landesamt f\u00fcr Denkmalpflege hohe Anforderungen gestellt.<\/p>\n<p>Denn die Last des zwischen 1707 und 1710 erneuerten Dachstuhls ruhte nicht mehr auf den Mauern des Turmschaftes. Sie dr\u00fcckte auf die umlaufende Galerie, die dadurch bereits weitgehend zerst\u00f6rt war. Lange Risse durchzogen das Mauerwerk, zudem hatte Insektenfra\u00df das Geb\u00e4lk stellenweise so morsch gemacht, dass es faulte.<\/p>\n<p>Aus Unterlagen des Stadtarchivs geht zudem hervor: Der unterirdisch vorbei flie\u00dfende Speyerbach hatte das 55 m hohe Altp\u00f6rtel &#8222;ins Schwimmen&#8220; geraten lassen &#8211; der Torturm war eigentlich ohne festen Stand. Schon 1926 wurde bei Kanalisationsarbeiten in der Turmdurchfahrt festgestellt, dass das Fundament des Altp\u00f6rtels nur knapp drei Meter in die Tiefe geht und auf Sandboden steht. Anmerkung in einem Zeitungsbericht: &#8222;Fachleute schaudern&#8220;.<\/p>\n<p>Den Plan, das &#8222;Gegenst\u00fcck&#8220; zum Kaiserdom vor dem Verfall zu retten, fasste die Stadtverwaltung anfangs der 1950-er. 1952 wurden Turm und Baugrund genau untersucht, Gutachten eingeholt, mit den Vorarbeiten zur Sanierung begonnen. 1956 fingen die eigentlichen Rettungsma\u00dfnahmen an, Turm und Baugrund wurden genau untersucht. Um zu verhindern, dass das Turmdach herab brach, wurde es an seinem Fu\u00df mit einem Eisen-Beton-Ring umklammert.<\/p>\n<p>Danach erneuerten Steinmetze das Mauerwerk der Galerie. Ferner wurden Stahlrohre zur St\u00fctze des Turmmauerwerks montiert, und um dem Turmschaft mehr Festigkeit zu geben, drei Zwischendecken aus Beton eingezogen. Dem Torturm zus\u00e4tzlich Halt geben seitdem zwei an der Ostseite auf ganzer H\u00f6he verlaufende Siegel aus Eisenbeton.<\/p>\n<p>Im Innern wurde die ins Obergescho\u00df f\u00fchrende Treppe erneuert. Au\u00dferdem wurde der alte Turmeingang in der Durchfahrt geschlossen und in der Fu\u00dfg\u00e4ngerpassage zum Nachbaranwesen eine Eingangst\u00fcr eingelassen.<\/p>\n<p>Die Sanierungsma\u00dfnahmen kosteten laut alten RHEINPFALZ-Berichten &#8222;Hunderttausende von Mark&#8220;, ein genauer Betrag ist nicht mehr festzustellen. Ebenso nicht die Summe, die das 1956\/57 gegr\u00fcndete Kuratorium &#8222;Rettet das Altp\u00f6rtel&#8220; einbrachte und bei der &#8222;die Speyerer viel B\u00fcrgersinn bewiesen&#8220; h\u00e4tten. F\u00fcr die anl\u00e4sslich des Jubil\u00e4ums &#8222;2000 Jahre Speyer&#8220; folgenden Sanierungsarbeiten und der Innenausbau mit Treppenaufgang wurden 1,5 Millionen Mark aufgebracht, schrieb der fr\u00fchere Oberb\u00fcrgermeister Werner Schineller in der Ausgabe Winter 1989\/90 der Vierteljahreshefte des Verkehrsvereins. \u00a0<b>&#8211; Wolfgang Kauer<\/b><\/p>\n","protected":false},"excerpt":{"rendered":"<p>&nbsp; 1966 endete zehnj\u00e4hrige erste Sanierungsaktion &#8211; &#8222;Wieder fest und sicher&#8220; &nbsp; Seit 1997 zieht das vorweihnachtliche Feuerwerk &#8222;Altp\u00f6rtel in Flammen&#8220; stets Tausende von Besuchern in die Speyerer Innenstadt, am 15. Dezember wird es zum zweiten Mal im Advent 2016 so sein. Vermutlich nicht alle d\u00fcrften wissen, dass sie das Spektakel nur erleben k\u00f6nnen, weil [&hellip;]<\/p>\n","protected":false},"author":2,"featured_media":0,"comment_status":"closed","ping_status":"open","sticky":false,"template":"","format":"standard","meta":{"footnotes":""},"categories":[11],"tags":[158,15],"class_list":["post-2038","post","type-post","status-publish","format-standard","hentry","category-stadtgeschichte","tag-altpoertel","tag-speyer"],"_links":{"self":[{"href":"http:\/\/historischer-verein-speyer.de\/index.php?rest_route=\/wp\/v2\/posts\/2038","targetHints":{"allow":["GET"]}}],"collection":[{"href":"http:\/\/historischer-verein-speyer.de\/index.php?rest_route=\/wp\/v2\/posts"}],"about":[{"href":"http:\/\/historischer-verein-speyer.de\/index.php?rest_route=\/wp\/v2\/types\/post"}],"author":[{"embeddable":true,"href":"http:\/\/historischer-verein-speyer.de\/index.php?rest_route=\/wp\/v2\/users\/2"}],"replies":[{"embeddable":true,"href":"http:\/\/historischer-verein-speyer.de\/index.php?rest_route=%2Fwp%2Fv2%2Fcomments&post=2038"}],"version-history":[{"count":1,"href":"http:\/\/historischer-verein-speyer.de\/index.php?rest_route=\/wp\/v2\/posts\/2038\/revisions"}],"predecessor-version":[{"id":2039,"href":"http:\/\/historischer-verein-speyer.de\/index.php?rest_route=\/wp\/v2\/posts\/2038\/revisions\/2039"}],"wp:attachment":[{"href":"http:\/\/historischer-verein-speyer.de\/index.php?rest_route=%2Fwp%2Fv2%2Fmedia&parent=2038"}],"wp:term":[{"taxonomy":"category","embeddable":true,"href":"http:\/\/historischer-verein-speyer.de\/index.php?rest_route=%2Fwp%2Fv2%2Fcategories&post=2038"},{"taxonomy":"post_tag","embeddable":true,"href":"http:\/\/historischer-verein-speyer.de\/index.php?rest_route=%2Fwp%2Fv2%2Ftags&post=2038"}],"curies":[{"name":"wp","href":"https:\/\/api.w.org\/{rel}","templated":true}]}}