{"id":2120,"date":"2017-12-08T19:37:31","date_gmt":"2017-12-08T17:37:31","guid":{"rendered":"http:\/\/historischer-verein-speyer.de\/?p=2120"},"modified":"2017-12-08T19:37:31","modified_gmt":"2017-12-08T17:37:31","slug":"turm-der-retscherkirche-unterschiedlich-hoch","status":"publish","type":"post","link":"http:\/\/historischer-verein-speyer.de\/?p=2120","title":{"rendered":"Turm der Retscherkirche: Unterschiedlich hoch"},"content":{"rendered":"<p><b>Turm der Retscherkirche: Unterschiedlich hoch<\/b><\/p>\n<p>In der Pfalz sind die Speyerer die Gr\u00f6\u00dften. Zumindest, was die H\u00f6he ihres h\u00f6chsten Kirchturms betrifft, dem der Ged\u00e4chtniskirche der Protestation. Der Turm\u00a0der &#8222;Retscherk\u00e4rch&#8220; misst nach Angaben des Bauvereins der Ged\u00e4chtniskirche &#8222;genau 100 Meter&#8220;. Doch das stimmt nicht, ebenso nicht die in manchen Notizb\u00fcchern vermerkten 103 m und auch nicht die bei Wikipedia unter &#8222;Die welth\u00f6chsten Kircht\u00fcrme&#8220; angegebenen H\u00f6henma\u00dfe.<\/p>\n<p>Dort ist der Turm der Speyerer Ged\u00e4chtniskirche mit<br \/>\n96,75 m\u00a0notiert. Damit ist er zwischen der Predigerkirche in Z\u00fcrich (97,00 m) und der Mikael-Agricola-Kirche in Helsinki (96,70 m) auf dem 86. Platz eingeordnet (am h\u00f6chsten ist das Ulmer M\u00fcnster mit 161,53 m). Nicht ganz richtig ist auch eine 2001 von dem damaligen Dekan der Ged\u00e4chtniskirche, Friedhelm Jakob angeregte Messung. Sie ergab 98,10 m.<\/p>\n<p>Die unterschiedlichen Angaben veranlassten zur Nachfrage bei einem Experten. Bernd Ehrhardt, technischer Leiter der Bauabteilung der Evangelischen Landeskirche der Pfalz, hat beim Blick aus seinem B\u00fcro in der Ro\u00dfmarktstra\u00dfe den Retscher-Kirchturm stets im Visier. Doch um die Frage der Zeitung bis auf den Zentimeter genau beantworten zu k\u00f6nnen, schaut er in seine Unterlagen, erstellt nach dem ziemlich komplizierten Vorgang einer photogrammetrischen Vermessung.<\/p>\n<p>Die besagt: Gemessen vom Haupteingang aus (Halle mit dem Luther-Standbild) ist der Kirchturm 96,40 m hoch; gemessen vom Chor aus (Ende des Kirchenschiffs) 97,40 m; gemessen ab der Stra\u00dfenh\u00f6he 97,60 m bis 97,70 m. Jeweils dazugez\u00e4hlt ist laut Bernd Ehrhardt der 40 cm hohe Aufsatz des Blitzschutzes.<\/p>\n<p>Andere hohe Geb\u00e4ude in Speyer: St. Josefs-Kirche: Westt\u00fcrme<br \/>\n90 m\/Ostt\u00fcrme 40 m &#8211; Dom: Ostt\u00fcrme 71,20 m\/Westt\u00fcrme 65,60 m &#8211; Altp\u00f6rtel: 55 m &#8211; DRV-Hochhaus (fr\u00fcher LVA-Hochhaus): 54 m &#8211; Max und Moritz-Hochh\u00e4user: 48 m &#8211; Wasserturm: 36 m &#8211; Diakonissenanstalt, Krankenhaus-Hochhaus: 34 m.<\/p>\n<p>Das h\u00f6chste Speyerer Geb\u00e4ude war mit 200 m der gro\u00dfe Kamin der Raffinerie. Er wurde 1978 gebaut und 1986 abgerissen. \u00a0<b>&#8211; wk<\/b><\/p>\n","protected":false},"excerpt":{"rendered":"<p>Turm der Retscherkirche: Unterschiedlich hoch In der Pfalz sind die Speyerer die Gr\u00f6\u00dften. Zumindest, was die H\u00f6he ihres h\u00f6chsten Kirchturms betrifft, dem der Ged\u00e4chtniskirche der Protestation. Der Turm\u00a0der &#8222;Retscherk\u00e4rch&#8220; misst nach Angaben des Bauvereins der Ged\u00e4chtniskirche &#8222;genau 100 Meter&#8220;. Doch das stimmt nicht, ebenso nicht die in manchen Notizb\u00fcchern vermerkten 103 m und auch nicht [&hellip;]<\/p>\n","protected":false},"author":2,"featured_media":0,"comment_status":"closed","ping_status":"open","sticky":false,"template":"","format":"standard","meta":{"footnotes":""},"categories":[11],"tags":[244,249],"class_list":["post-2120","post","type-post","status-publish","format-standard","hentry","category-stadtgeschichte","tag-gedaechtniskirche","tag-retscherkirche"],"_links":{"self":[{"href":"http:\/\/historischer-verein-speyer.de\/index.php?rest_route=\/wp\/v2\/posts\/2120","targetHints":{"allow":["GET"]}}],"collection":[{"href":"http:\/\/historischer-verein-speyer.de\/index.php?rest_route=\/wp\/v2\/posts"}],"about":[{"href":"http:\/\/historischer-verein-speyer.de\/index.php?rest_route=\/wp\/v2\/types\/post"}],"author":[{"embeddable":true,"href":"http:\/\/historischer-verein-speyer.de\/index.php?rest_route=\/wp\/v2\/users\/2"}],"replies":[{"embeddable":true,"href":"http:\/\/historischer-verein-speyer.de\/index.php?rest_route=%2Fwp%2Fv2%2Fcomments&post=2120"}],"version-history":[{"count":1,"href":"http:\/\/historischer-verein-speyer.de\/index.php?rest_route=\/wp\/v2\/posts\/2120\/revisions"}],"predecessor-version":[{"id":2121,"href":"http:\/\/historischer-verein-speyer.de\/index.php?rest_route=\/wp\/v2\/posts\/2120\/revisions\/2121"}],"wp:attachment":[{"href":"http:\/\/historischer-verein-speyer.de\/index.php?rest_route=%2Fwp%2Fv2%2Fmedia&parent=2120"}],"wp:term":[{"taxonomy":"category","embeddable":true,"href":"http:\/\/historischer-verein-speyer.de\/index.php?rest_route=%2Fwp%2Fv2%2Fcategories&post=2120"},{"taxonomy":"post_tag","embeddable":true,"href":"http:\/\/historischer-verein-speyer.de\/index.php?rest_route=%2Fwp%2Fv2%2Ftags&post=2120"}],"curies":[{"name":"wp","href":"https:\/\/api.w.org\/{rel}","templated":true}]}}