{"id":2146,"date":"2018-04-05T17:48:21","date_gmt":"2018-04-05T15:48:21","guid":{"rendered":"http:\/\/historischer-verein-speyer.de\/?p=2146"},"modified":"2018-04-05T17:48:21","modified_gmt":"2018-04-05T15:48:21","slug":"alle-messebeschicker-machten-guten-geschaefte","status":"publish","type":"post","link":"http:\/\/historischer-verein-speyer.de\/?p=2146","title":{"rendered":"\u201eAlle Messebeschicker machten guten Gesch\u00e4fte\u201c"},"content":{"rendered":"<hr>\n<p>&nbsp;<\/p>\n<p>Obwohl sie ebenso genannt wurden, hatten die fr\u00fcheren Speyerer Jahrm\u00e4rkte nicht viel gemein mit den heutigen Fr\u00fchjahrs- und Herbstmessen. Zwar konnten sich die Besucher dort auch vergn\u00fcgen, aber haupts\u00e4chlich sollte reichlich eingekauft werden.<\/p>\n<p>\u201eDie zwei Messen im Jahr waren die Haupteinnahmequellen f\u00fcr die&nbsp; \u00f6rtlichen Handwerker und H\u00e4ndler\u201c hei\u00dft es in einem Beitrag der \u201eSpeierer Zeitung\u201c von 1924. Die Messen wurden auf der zun\u00e4chst \u201eunter den cremen\u201c (Kr\u00e4merbuden), dann Hauptstra\u00dfe und ab 27. Mai 1816 Maximilianstra\u00dfe genannten Hauptverkehrsader der Stadt abgehalten und dort zwischen Domplatz und Weinbr\u00fccke (heute Einm\u00fcndung in die Wormser Stra\u00dfe).<\/p>\n<p>In doppelten Budenreihen boten vorwiegend ortsans\u00e4ssige Handwerker ihre Erzeugnisse an. \u201eDas Angebot war entsprechend der Jahreszeit den Bed\u00fcrfnissen der Stadt- und Landbev\u00f6lkerung angepasst\u201c, hei\u00dft es in dem Zeitungsbeitrag.<\/p>\n<p>Weiter verlautet in dem Artikel: \u201eJede Zunft behauptete ihren eigenen Platz. Die Kaufinteressenten wussten daher, wo sie zu suchen hatten. Hinter der alten Domdechanei hatten die Schuhmacher ihre Lattenst\u00e4nde, an denen doppelsohlige, genagelte Bauerstiefel hingen, in&nbsp; denen man im Stehen sterben konnte ohne umzufallen. Daneben standen die Galoschen- und Holzschuhmacher. Es folgten die K\u00fcfer und K\u00fcbler.<\/p>\n<p>In Richtung Weinbr\u00fccke standen Buden der Strumpfwirker, Wollh\u00e4ndler, Handschuhmacher und Dekateure (stellten besondere Wollstoffe her). Anschliessend kamen die B\u00fcrsten- und Besenbinder, die Kochl\u00f6ffel- und Waschklammern-Schnitzer, die Siebmacher und so weiter. An der Ecke zur Salzgasse standen Waffelb\u00e4cker.<\/p>\n<p>In der ersten Reihe vor der Sonne (heute das Modegesch\u00e4ft Gerry Weber) boten Obsth\u00e4ndler ihre Ware an.&nbsp; Es gab St\u00e4nde der&nbsp; Blechschmiede, Zinngie\u00dfer, Brillenmacher, Kammmacher, Uhrmacher, Goldwarenh\u00e4ndler. Hut- und Kappenmacher, K\u00fcrschner, Sattler, T\u00e4schner, Bandagisten, Seifensieder, Per\u00fcckenmacher, Schneider und Kleiderh\u00e4ndler. Dazwischen verteilt boten Zuckerb\u00e4cker Zuckerstangen und andere S\u00fcssigkeiten an.\u201c<\/p>\n<p>Damals habe es auch Warenh\u00e4user \u201een miniature\u201c gegeben. Sie priesen ihre Waren auf roten Plakaten mit Preisvermerk an. Die \u201eSpeyerer Zeitung\u201c schrieb: \u201eAls sp\u00e4ter die ,billigen Jakobe\u2018 kamen, war das Vertrauen in die Messen dahin\u201c.<\/p>\n<p>Sp\u00e4ter dehnten sich Fr\u00fchjahrs- und Herbstmesse bis auf den K\u00f6nigsplatz aus. Dort waren die Hafner, Geschirr- und Porzellanh\u00e4ndler untergebracht, eine Reitschule (Karussell) mit Handbetrieb, Schie\u00dfbuden, das \u201einternationale Weltpanorama\u201c, in dem die neuesten Weltereignisse auf kleinen farbigen Bildern dargestellt war, ein Kasperletheater und gelegentlich traten Moritatens\u00e4nger auf.<\/p>\n<p>Das Interesse an den zwei Speyerer Messen schildert die \u201eSpeyerer Zeitung\u201c so: \u201eEiner V\u00f6lkerwanderung gleich str\u00f6mte die Landbev\u00f6lkerung, besonders aus der badischen Nachbarschaft, nach Speyer, um ihren Bedarf f\u00fcr sich und ihr Gesinde zu decken. Waren die Eink\u00e4ufe besorgt, dann wurde auch an das leibliche Wohl gedacht\u201c. Es folgte eine Aufz\u00e4hlung vieler Wirtschaften und Kleibrauereien, \u201ein denen des hoch her ging\u201c<\/p>\n<p>Der Beitrag schlie\u00dft mit der Bemerkung: \u201eAlle Messebeschicker machten gute Gesch\u00e4fte. War das Wetter g\u00fcnstig, sah man nur frohe und zufriedene Gesichter\u201c. &#8211; <strong>wk<\/strong><\/p>\n","protected":false},"excerpt":{"rendered":"<p>&nbsp; Obwohl sie ebenso genannt wurden, hatten die fr\u00fcheren Speyerer Jahrm\u00e4rkte nicht viel gemein mit den heutigen Fr\u00fchjahrs- und Herbstmessen. Zwar konnten sich die Besucher dort auch vergn\u00fcgen, aber haupts\u00e4chlich sollte reichlich eingekauft werden. \u201eDie zwei Messen im Jahr waren die Haupteinnahmequellen f\u00fcr die&nbsp; \u00f6rtlichen Handwerker und H\u00e4ndler\u201c hei\u00dft es in einem Beitrag der \u201eSpeierer [&hellip;]<\/p>\n","protected":false},"author":2,"featured_media":0,"comment_status":"closed","ping_status":"open","sticky":false,"template":"","format":"standard","meta":{"footnotes":""},"categories":[11],"tags":[],"class_list":["post-2146","post","type-post","status-publish","format-standard","hentry","category-stadtgeschichte"],"_links":{"self":[{"href":"http:\/\/historischer-verein-speyer.de\/index.php?rest_route=\/wp\/v2\/posts\/2146","targetHints":{"allow":["GET"]}}],"collection":[{"href":"http:\/\/historischer-verein-speyer.de\/index.php?rest_route=\/wp\/v2\/posts"}],"about":[{"href":"http:\/\/historischer-verein-speyer.de\/index.php?rest_route=\/wp\/v2\/types\/post"}],"author":[{"embeddable":true,"href":"http:\/\/historischer-verein-speyer.de\/index.php?rest_route=\/wp\/v2\/users\/2"}],"replies":[{"embeddable":true,"href":"http:\/\/historischer-verein-speyer.de\/index.php?rest_route=%2Fwp%2Fv2%2Fcomments&post=2146"}],"version-history":[{"count":1,"href":"http:\/\/historischer-verein-speyer.de\/index.php?rest_route=\/wp\/v2\/posts\/2146\/revisions"}],"predecessor-version":[{"id":2147,"href":"http:\/\/historischer-verein-speyer.de\/index.php?rest_route=\/wp\/v2\/posts\/2146\/revisions\/2147"}],"wp:attachment":[{"href":"http:\/\/historischer-verein-speyer.de\/index.php?rest_route=%2Fwp%2Fv2%2Fmedia&parent=2146"}],"wp:term":[{"taxonomy":"category","embeddable":true,"href":"http:\/\/historischer-verein-speyer.de\/index.php?rest_route=%2Fwp%2Fv2%2Fcategories&post=2146"},{"taxonomy":"post_tag","embeddable":true,"href":"http:\/\/historischer-verein-speyer.de\/index.php?rest_route=%2Fwp%2Fv2%2Ftags&post=2146"}],"curies":[{"name":"wp","href":"https:\/\/api.w.org\/{rel}","templated":true}]}}