{"id":2149,"date":"2018-04-19T13:34:35","date_gmt":"2018-04-19T11:34:35","guid":{"rendered":"http:\/\/historischer-verein-speyer.de\/?p=2149"},"modified":"2018-04-19T13:34:35","modified_gmt":"2018-04-19T11:34:35","slug":"erster-schuelerpreis-an-markus-breuer","status":"publish","type":"post","link":"http:\/\/historischer-verein-speyer.de\/?p=2149","title":{"rendered":"Erster Sch\u00fclerpreis an Markus Breuer"},"content":{"rendered":"<p>In der Nachwuchsf\u00f6rderung schl\u00e4gt die Bezirksgruppe Speyer des Historischen Vereins der Pfalz einen neuen Weg ein. Sie vergibt einen mit 150 Euro und einem Sachbuch dotierten Preis an Sch\u00fcler, die sich mit einer, wie es hei\u00dft, herausragenden Arbeit zur Speyerer Geschichte verdient machen. Armin Schlechter, der die Bezirksgruppe f\u00fchrt, zeichnete Markus Breuer im Vortragssaal der Villa Ecarius als ersten Preistr\u00e4ger aus.<\/p>\n<p>Mit seinen 19 Jahren war der Einser-Abiturient des Friedrich-Magnus-Schwerd-Gymnasiums der j\u00fcngste Referent aller Veranstaltungen des Historischen Vereins. In einem dreiviertelst\u00fcndigen, mit Dias angereicherten Vortrag entwarf Breuer einen kleinen, vermutlich weitgehend unbekannten Teil der gro\u00dfen Speyerer Vergangenheit. \u201eDie Auseinandersetzungen zwischen den Speyerer F\u00fcrstbisch\u00f6fen und der Stadt Speyer am Beispiel der Errichtung der Festung Philippsburg in den Jahren von 1615 bis 1627\u201c lautete der sperrig anmutende Titel.<\/p>\n<p>Markus Breuer h\u00e4tte den auf 30 Seiten konzipierten Vortrag wohl auch auf Latein halten k\u00f6nnen. Denn der Erhaltung dieser altr\u00f6mischen Sprache ist der angehende Theologiestudent sehr zugetan, wie er im RHEINPFALZ-Gespr\u00e4ch betonte. Deswegen habe er auch einen lateinischen Domf\u00fchrer verfasst. \u201eIch m\u00f6chte diese Sprache praktisch angewendet wissen. Sie verdient es nicht, vergessen zu werden und im allgemeinen Gebrauch unterzugehen\u201c, erkl\u00e4rte er.<\/p>\n<p>Mit dem von ihm als \u201edankbar\u201c empfundenen Thema um die Philippsburger Festung habe er sich seit der siebten Gymnasiumklasse befasst, intensiv, das hei\u00dft mit Gerichtsakten aus dem 17. Jahrhundert und sachbezogener Literatur, seit&nbsp; einem Jahr. Nach ausgiebiger Recherche vorwiegend im Landesarchiv habe sich ihm gezeigt, dass die vor dem kaiserlichen Reichshofrat in Wien beklagte Stadt Speyer ideell nichts zu tun hatte mit der ersten Schleifung der von dem Speyerer Bischof Philipp Christoph von S\u00f6tern 1615 erbauten und 1618 von kurpf\u00e4lzischen und markgr\u00e4flich-badischen Truppen erstmals zerst\u00f6rten Festung im vormaligen Udenheim.<\/p>\n<p>Das Schadensersatz-Urteil gegen lutherisch gef\u00fchrte Speyer,&nbsp; nach vier Jahren ergangen am 27. September 1627, basierte entweder auf Gr\u00fcnden der Glaubensrichtung oder der ins Gesamtkonzept passenden Politik. \/wk<\/p>\n<p>&nbsp;<\/p>\n","protected":false},"excerpt":{"rendered":"<p>In der Nachwuchsf\u00f6rderung schl\u00e4gt die Bezirksgruppe Speyer des Historischen Vereins der Pfalz einen neuen Weg ein. Sie vergibt einen mit 150 Euro und einem Sachbuch dotierten Preis an Sch\u00fcler, die sich mit einer, wie es hei\u00dft, herausragenden Arbeit zur Speyerer Geschichte verdient machen. Armin Schlechter, der die Bezirksgruppe f\u00fchrt, zeichnete Markus Breuer im Vortragssaal der [&hellip;]<\/p>\n","protected":false},"author":2,"featured_media":0,"comment_status":"closed","ping_status":"open","sticky":false,"template":"","format":"standard","meta":{"footnotes":""},"categories":[1],"tags":[],"class_list":["post-2149","post","type-post","status-publish","format-standard","hentry","category-allgemein"],"_links":{"self":[{"href":"http:\/\/historischer-verein-speyer.de\/index.php?rest_route=\/wp\/v2\/posts\/2149","targetHints":{"allow":["GET"]}}],"collection":[{"href":"http:\/\/historischer-verein-speyer.de\/index.php?rest_route=\/wp\/v2\/posts"}],"about":[{"href":"http:\/\/historischer-verein-speyer.de\/index.php?rest_route=\/wp\/v2\/types\/post"}],"author":[{"embeddable":true,"href":"http:\/\/historischer-verein-speyer.de\/index.php?rest_route=\/wp\/v2\/users\/2"}],"replies":[{"embeddable":true,"href":"http:\/\/historischer-verein-speyer.de\/index.php?rest_route=%2Fwp%2Fv2%2Fcomments&post=2149"}],"version-history":[{"count":1,"href":"http:\/\/historischer-verein-speyer.de\/index.php?rest_route=\/wp\/v2\/posts\/2149\/revisions"}],"predecessor-version":[{"id":2150,"href":"http:\/\/historischer-verein-speyer.de\/index.php?rest_route=\/wp\/v2\/posts\/2149\/revisions\/2150"}],"wp:attachment":[{"href":"http:\/\/historischer-verein-speyer.de\/index.php?rest_route=%2Fwp%2Fv2%2Fmedia&parent=2149"}],"wp:term":[{"taxonomy":"category","embeddable":true,"href":"http:\/\/historischer-verein-speyer.de\/index.php?rest_route=%2Fwp%2Fv2%2Fcategories&post=2149"},{"taxonomy":"post_tag","embeddable":true,"href":"http:\/\/historischer-verein-speyer.de\/index.php?rest_route=%2Fwp%2Fv2%2Ftags&post=2149"}],"curies":[{"name":"wp","href":"https:\/\/api.w.org\/{rel}","templated":true}]}}