{"id":2174,"date":"2018-09-28T12:31:09","date_gmt":"2018-09-28T10:31:09","guid":{"rendered":"http:\/\/historischer-verein-speyer.de\/?p=2174"},"modified":"2018-09-28T12:31:09","modified_gmt":"2018-09-28T10:31:09","slug":"montag-8-oktober-2018-vortrag","status":"publish","type":"post","link":"http:\/\/historischer-verein-speyer.de\/?p=2174","title":{"rendered":"Montag, 8. Oktober 2018 Vortrag"},"content":{"rendered":"<p><strong>\u201eMittwochabend im Stadtarchiv\u201c<\/strong><\/p>\n<p><strong>&nbsp;<\/strong><\/p>\n<p><strong>Montag, 8. Oktober 2018, 19.30 Uhr, Villa Ecarius, Vortragssaal (Bahnhofstra\u00dfe 54)<\/strong><\/p>\n<p><strong><u>Bitte beachten Sie den ge\u00e4nderten Veranstaltungsort und die ge\u00e4nderte Veranstaltungszeit!<\/u><\/strong><\/p>\n<p><strong>&#8222;Kinder des Krieges &#8211; Kinder der Liebe&#8220;. Kriegs- und Besatzungskinder in der Franz\u00f6sischen Zone.<\/strong><\/p>\n<p><strong>Vortrag von Dr. Michael Martin, Landau<\/strong><\/p>\n<h2>Der Vortrag ist eine Kooperation des Kulturellen Erbes \u2013 Stadtarchiv Speyer mit der Bezirksgruppe Speyer im historischen Verein der Pfalz e.V.<\/h2>\n<p>&nbsp;<\/p>\n<p>Mehr als 20 000 Kinder von franz\u00f6sischen V\u00e4tern kamen nach 1945 in der Franz\u00f6sischen Besatzungszone auf die Welt. Ihre Biographien wurden erst in den letzten Jahre Gegenstand der historischen Forschung.<\/p>\n<p>Der Referent Herr Dr. Michael Martin, der fr\u00fchere Leiter des Stadtarchivs Landau, selbst ein Betroffener, geht in seinem Vortrag auf die m\u00fchseligen Recherchen, die verschiedenen, oft tragischen Biographien und die Behandlung dieser Kinder ein.<\/p>\n<p>&nbsp;<\/p>\n<p>Die Vortr\u00e4ge von<\/p>\n<p>Herrn Dr. Christian L\u00fcbcke \u201eDas Gefecht von Speyer 1792 \u2013 bedeutender als die Kanonade von Valmy?\u201c am 8.10.18 in der Villa Ecarius<\/p>\n<p>und<\/p>\n<p>Herrn Dr. Benjamin M\u00fcsegades \u201eHeilige und ihre Verehrung im mittelalterlichen Speyer\u201c am 17.10.2018 im Stadtarchiv Speyer<\/p>\n<p>entfallen leider. Es ist beabsichtigt, sie zu einem sp\u00e4teren Zeitpunkt nachzuholen.<\/p>\n","protected":false},"excerpt":{"rendered":"<p>\u201eMittwochabend im Stadtarchiv\u201c &nbsp; Montag, 8. Oktober 2018, 19.30 Uhr, Villa Ecarius, Vortragssaal (Bahnhofstra\u00dfe 54) Bitte beachten Sie den ge\u00e4nderten Veranstaltungsort und die ge\u00e4nderte Veranstaltungszeit! &#8222;Kinder des Krieges &#8211; Kinder der Liebe&#8220;. Kriegs- und Besatzungskinder in der Franz\u00f6sischen Zone. Vortrag von Dr. Michael Martin, Landau Der Vortrag ist eine Kooperation des Kulturellen Erbes \u2013 Stadtarchiv [&hellip;]<\/p>\n","protected":false},"author":2,"featured_media":0,"comment_status":"closed","ping_status":"open","sticky":false,"template":"","format":"standard","meta":{"footnotes":""},"categories":[8],"tags":[],"class_list":["post-2174","post","type-post","status-publish","format-standard","hentry","category-aufsatze-vortrage"],"_links":{"self":[{"href":"http:\/\/historischer-verein-speyer.de\/index.php?rest_route=\/wp\/v2\/posts\/2174","targetHints":{"allow":["GET"]}}],"collection":[{"href":"http:\/\/historischer-verein-speyer.de\/index.php?rest_route=\/wp\/v2\/posts"}],"about":[{"href":"http:\/\/historischer-verein-speyer.de\/index.php?rest_route=\/wp\/v2\/types\/post"}],"author":[{"embeddable":true,"href":"http:\/\/historischer-verein-speyer.de\/index.php?rest_route=\/wp\/v2\/users\/2"}],"replies":[{"embeddable":true,"href":"http:\/\/historischer-verein-speyer.de\/index.php?rest_route=%2Fwp%2Fv2%2Fcomments&post=2174"}],"version-history":[{"count":1,"href":"http:\/\/historischer-verein-speyer.de\/index.php?rest_route=\/wp\/v2\/posts\/2174\/revisions"}],"predecessor-version":[{"id":2176,"href":"http:\/\/historischer-verein-speyer.de\/index.php?rest_route=\/wp\/v2\/posts\/2174\/revisions\/2176"}],"wp:attachment":[{"href":"http:\/\/historischer-verein-speyer.de\/index.php?rest_route=%2Fwp%2Fv2%2Fmedia&parent=2174"}],"wp:term":[{"taxonomy":"category","embeddable":true,"href":"http:\/\/historischer-verein-speyer.de\/index.php?rest_route=%2Fwp%2Fv2%2Fcategories&post=2174"},{"taxonomy":"post_tag","embeddable":true,"href":"http:\/\/historischer-verein-speyer.de\/index.php?rest_route=%2Fwp%2Fv2%2Ftags&post=2174"}],"curies":[{"name":"wp","href":"https:\/\/api.w.org\/{rel}","templated":true}]}}