{"id":2192,"date":"2018-11-08T16:16:32","date_gmt":"2018-11-08T14:16:32","guid":{"rendered":"http:\/\/historischer-verein-speyer.de\/?p=2192"},"modified":"2018-11-08T16:18:52","modified_gmt":"2018-11-08T14:18:52","slug":"zum-tode-von-fraeulein-liesel-jester","status":"publish","type":"post","link":"http:\/\/historischer-verein-speyer.de\/?p=2192","title":{"rendered":"Zum Tode von &#8222;Fr\u00e4ulein&#8220; Liesel Jester"},"content":{"rendered":"<p>&nbsp;<\/p>\n<p>Heute, am 08. November 2018 wurde eines der letzten Speyerer Originale zu Grabe getragen. Wie oft waren wir in der Jugend in ihrer Wirtschaft, zuletzt in der St.-Guido-Stra\u00dfe, dem Orchestrion lauschend und dem B\u00e4ckers\u00e4nger Schorsch, der mit zunehmendem Weinkonsum immer lauter sang: &#8222;Hast mich noch am B\u00e4ndchen, hast mich noch am G\u00e4ngelband&#8220;<br \/>\nVorbei die Zeit, in der Fr\u00e4ulein Liesel (ihr) unliebsame G\u00e4ste einfach und sehr direkt rauswarf (&#8222;So, sie gehen jetzt!&#8220;), das Quietschen der Brotschneidemaschine in der K\u00fcche oder das Servieren der Rechnung in Pfennigen, geschrieben mit Kreide auf einem Silbertablett. Ach, viele Geschichten k\u00f6nnte ich erz\u00e4hlen&#8230;.<\/p>\n<p>Danke, liebes Fr\u00e4ulein Liesel, vielen Dank f\u00fcr die Bereicherung, die Sie mir und vielen, vielen anderen beschert haben! Ruhen Sie in Frieden! \/mv<\/p>\n<p><a href=\"http:\/\/historischer-verein-speyer.de\/html\/wp-content\/uploads\/2018\/11\/Liesel-Jester.jpg\"><img loading=\"lazy\" decoding=\"async\" class=\"aligncenter wp-image-2194 size-full\" src=\"http:\/\/historischer-verein-speyer.de\/html\/wp-content\/uploads\/2018\/11\/Liesel-Jester.jpg\" alt=\"\" width=\"960\" height=\"277\" srcset=\"http:\/\/historischer-verein-speyer.de\/html\/wp-content\/uploads\/2018\/11\/Liesel-Jester.jpg 960w, http:\/\/historischer-verein-speyer.de\/html\/wp-content\/uploads\/2018\/11\/Liesel-Jester-300x87.jpg 300w, http:\/\/historischer-verein-speyer.de\/html\/wp-content\/uploads\/2018\/11\/Liesel-Jester-768x222.jpg 768w\" sizes=\"auto, (max-width: 960px) 100vw, 960px\" \/><\/a><\/p>\n","protected":false},"excerpt":{"rendered":"<p>&nbsp; Heute, am 08. November 2018 wurde eines der letzten Speyerer Originale zu Grabe getragen. Wie oft waren wir in der Jugend in ihrer Wirtschaft, zuletzt in der St.-Guido-Stra\u00dfe, dem Orchestrion lauschend und dem B\u00e4ckers\u00e4nger Schorsch, der mit zunehmendem Weinkonsum immer lauter sang: &#8222;Hast mich noch am B\u00e4ndchen, hast mich noch am G\u00e4ngelband&#8220; Vorbei die [&hellip;]<\/p>\n","protected":false},"author":2,"featured_media":2195,"comment_status":"closed","ping_status":"open","sticky":false,"template":"","format":"standard","meta":{"footnotes":""},"categories":[1,11],"tags":[],"class_list":["post-2192","post","type-post","status-publish","format-standard","has-post-thumbnail","hentry","category-allgemein","category-stadtgeschichte"],"_links":{"self":[{"href":"http:\/\/historischer-verein-speyer.de\/index.php?rest_route=\/wp\/v2\/posts\/2192","targetHints":{"allow":["GET"]}}],"collection":[{"href":"http:\/\/historischer-verein-speyer.de\/index.php?rest_route=\/wp\/v2\/posts"}],"about":[{"href":"http:\/\/historischer-verein-speyer.de\/index.php?rest_route=\/wp\/v2\/types\/post"}],"author":[{"embeddable":true,"href":"http:\/\/historischer-verein-speyer.de\/index.php?rest_route=\/wp\/v2\/users\/2"}],"replies":[{"embeddable":true,"href":"http:\/\/historischer-verein-speyer.de\/index.php?rest_route=%2Fwp%2Fv2%2Fcomments&post=2192"}],"version-history":[{"count":2,"href":"http:\/\/historischer-verein-speyer.de\/index.php?rest_route=\/wp\/v2\/posts\/2192\/revisions"}],"predecessor-version":[{"id":2197,"href":"http:\/\/historischer-verein-speyer.de\/index.php?rest_route=\/wp\/v2\/posts\/2192\/revisions\/2197"}],"wp:featuredmedia":[{"embeddable":true,"href":"http:\/\/historischer-verein-speyer.de\/index.php?rest_route=\/wp\/v2\/media\/2195"}],"wp:attachment":[{"href":"http:\/\/historischer-verein-speyer.de\/index.php?rest_route=%2Fwp%2Fv2%2Fmedia&parent=2192"}],"wp:term":[{"taxonomy":"category","embeddable":true,"href":"http:\/\/historischer-verein-speyer.de\/index.php?rest_route=%2Fwp%2Fv2%2Fcategories&post=2192"},{"taxonomy":"post_tag","embeddable":true,"href":"http:\/\/historischer-verein-speyer.de\/index.php?rest_route=%2Fwp%2Fv2%2Ftags&post=2192"}],"curies":[{"name":"wp","href":"https:\/\/api.w.org\/{rel}","templated":true}]}}