{"id":294,"date":"2012-10-02T09:09:11","date_gmt":"2012-10-02T07:09:11","guid":{"rendered":"http:\/\/historischer-verein-speyer.de\/html\/?p=294"},"modified":"2013-09-28T12:36:27","modified_gmt":"2013-09-28T10:36:27","slug":"vortrag-vom-01-10-12-die-ablosung-der-schraudolph-fresken-im-rahmen-der-grosen-speyerer-domrestaurierung","status":"publish","type":"post","link":"http:\/\/historischer-verein-speyer.de\/?p=294","title":{"rendered":"Vortrag vom 01.10.12: Die Abl\u00f6sung der Schraudolph-Fresken im Rahmen der gro\u00dfen Speyerer Domrestaurierung"},"content":{"rendered":"<p>[flowplayer src=&#8217;20121001VortragSchraudolph.flv&#8216;]<\/p>\n<p>&nbsp;<\/p>\n<p>Der Referent Dr. Franz L. Pelgen, aufgewachsen &#8222;im Schatten&#8220; des Speyerer Domes, war von 1957 bis 1961 wissenschaftlicher Mitarbeiter bei der Gro\u00dfen Domrestaurierung. Er war der st\u00e4ndige Beobachter der Restaurierungsma\u00dfnahmen, f\u00fchrte das Bautagebuch, hielt den Baubefund f\u00fcr die wissenschaftliche Auswertung schriftlich und in unz\u00e4hligen Schwarz-wei\u00df-Fotos fest, verfasste die Restaurierungs- und Sitzungs-Protokolle, hielt Dia-Vortr\u00e4ge und ver\u00f6ffentlichte viele Beitr\u00e4ge. Er war Mitglied des Bauausschusses und der Gro\u00dfen Sachverst\u00e4ndigen-Kommission.<\/p>\n<p>Nachdem er Restaurator Otto Schultz bei seinen &#8211; erfolgreichen &#8211; Versuchen zur Abl\u00f6sung und Applizierung der Schraudolph\u2019schen Fresken betreut hatte, holte er im Auftrag von Dompropst Karl Hofen und Prof. Rudolf Esterer und im Einvernehmen mit dem Landesamt f\u00fcr Denkmalpflege bei dem international renommierten Experten Prof. Dr. Edgar Denninger (Staatl. Akademie Stuttgart) das f\u00fcr die Auftragserteilung an den Restaurator erforderliche Gutachten ein.<\/p>\n<p>Dr. Pelgen kennt als letzter noch lebender Wissenschaftler der entscheidenden Phase der Domrestaurierung die damaligen Arbeiten wie kein anderer. Er berichtete dar\u00fcber in seinem Vortrag &#8211; auch mit dokumentarischen Fotos &#8211; und war bereit, Fragen aus dem Publikum zu beantworten und mit ihm zu diskutieren. Mit 64 G\u00e4sten war dieser Vortrag \u00e4u\u00dferst gut besucht.<\/p>\n<p>[nggallery id=3]<\/p>\n","protected":false},"excerpt":{"rendered":"<p>[flowplayer src=&#8217;20121001VortragSchraudolph.flv&#8216;] &nbsp; Der Referent Dr. Franz L. Pelgen, aufgewachsen &#8222;im Schatten&#8220; des Speyerer Domes, war von 1957 bis 1961 wissenschaftlicher Mitarbeiter bei der Gro\u00dfen Domrestaurierung. Er war der st\u00e4ndige Beobachter der Restaurierungsma\u00dfnahmen, f\u00fchrte das Bautagebuch, hielt den Baubefund f\u00fcr die wissenschaftliche Auswertung schriftlich und in unz\u00e4hligen Schwarz-wei\u00df-Fotos fest, verfasste die Restaurierungs- und Sitzungs-Protokolle, hielt [&hellip;]<\/p>\n","protected":false},"author":2,"featured_media":0,"comment_status":"closed","ping_status":"open","sticky":false,"template":"","format":"standard","meta":{"footnotes":""},"categories":[13,8],"tags":[55,57,56,15],"class_list":["post-294","post","type-post","status-publish","format-standard","hentry","category-videos","category-aufsatze-vortrage","tag-dom","tag-fresken","tag-schraudolph","tag-speyer"],"_links":{"self":[{"href":"http:\/\/historischer-verein-speyer.de\/index.php?rest_route=\/wp\/v2\/posts\/294","targetHints":{"allow":["GET"]}}],"collection":[{"href":"http:\/\/historischer-verein-speyer.de\/index.php?rest_route=\/wp\/v2\/posts"}],"about":[{"href":"http:\/\/historischer-verein-speyer.de\/index.php?rest_route=\/wp\/v2\/types\/post"}],"author":[{"embeddable":true,"href":"http:\/\/historischer-verein-speyer.de\/index.php?rest_route=\/wp\/v2\/users\/2"}],"replies":[{"embeddable":true,"href":"http:\/\/historischer-verein-speyer.de\/index.php?rest_route=%2Fwp%2Fv2%2Fcomments&post=294"}],"version-history":[{"count":17,"href":"http:\/\/historischer-verein-speyer.de\/index.php?rest_route=\/wp\/v2\/posts\/294\/revisions"}],"predecessor-version":[{"id":948,"href":"http:\/\/historischer-verein-speyer.de\/index.php?rest_route=\/wp\/v2\/posts\/294\/revisions\/948"}],"wp:attachment":[{"href":"http:\/\/historischer-verein-speyer.de\/index.php?rest_route=%2Fwp%2Fv2%2Fmedia&parent=294"}],"wp:term":[{"taxonomy":"category","embeddable":true,"href":"http:\/\/historischer-verein-speyer.de\/index.php?rest_route=%2Fwp%2Fv2%2Fcategories&post=294"},{"taxonomy":"post_tag","embeddable":true,"href":"http:\/\/historischer-verein-speyer.de\/index.php?rest_route=%2Fwp%2Fv2%2Ftags&post=294"}],"curies":[{"name":"wp","href":"https:\/\/api.w.org\/{rel}","templated":true}]}}