{"id":345,"date":"2012-10-13T10:24:36","date_gmt":"2012-10-13T08:24:36","guid":{"rendered":"http:\/\/historischer-verein-speyer.de\/html\/?p=345"},"modified":"2014-05-14T18:10:44","modified_gmt":"2014-05-14T16:10:44","slug":"oral-history-richard-martin","status":"publish","type":"post","link":"http:\/\/historischer-verein-speyer.de\/?p=345","title":{"rendered":"Oral History: Richard Martin"},"content":{"rendered":"<p>Am 12.10.2012 konnten wir Herrn Richard Martin besuchen. Er wusste viel zu berichten, wo doch seine Eltern Inhaber der Wirtschaft \u201cBayr His\u2019l\u201d in der Diakonissenstra\u00dfe waren. Aber schauen und h\u00f6ren Sie selbst:<\/p>\n<p><iframe loading=\"lazy\" title=\"Oral History Richard Martin\" width=\"768\" height=\"576\" src=\"https:\/\/www.youtube.com\/embed\/ANEbrFSi-pk?feature=oembed\" frameborder=\"0\" allow=\"accelerometer; autoplay; clipboard-write; encrypted-media; gyroscope; picture-in-picture\" allowfullscreen><\/iframe><\/p>\n<p>[nggallery id=5]<\/p>\n<p>Bei diesem Video darf ich mich f\u00fcr die Unterst\u00fctzung bei Frau Annette Kuntz bedanken.<\/p>\n","protected":false},"excerpt":{"rendered":"<p>Am 12.10.2012 konnten wir Herrn Richard Martin besuchen. Er wusste viel zu berichten, wo doch seine Eltern Inhaber der Wirtschaft \u201cBayr His\u2019l\u201d in der Diakonissenstra\u00dfe waren. Aber schauen und h\u00f6ren Sie selbst: [nggallery id=5] Bei diesem Video darf ich mich f\u00fcr die Unterst\u00fctzung bei Frau Annette Kuntz bedanken.<\/p>\n","protected":false},"author":2,"featured_media":0,"comment_status":"closed","ping_status":"open","sticky":false,"template":"","format":"standard","meta":{"footnotes":""},"categories":[13,14],"tags":[15,252],"class_list":["post-345","post","type-post","status-publish","format-standard","hentry","category-videos","category-oral-history","tag-speyer","tag-oral-history"],"_links":{"self":[{"href":"http:\/\/historischer-verein-speyer.de\/index.php?rest_route=\/wp\/v2\/posts\/345","targetHints":{"allow":["GET"]}}],"collection":[{"href":"http:\/\/historischer-verein-speyer.de\/index.php?rest_route=\/wp\/v2\/posts"}],"about":[{"href":"http:\/\/historischer-verein-speyer.de\/index.php?rest_route=\/wp\/v2\/types\/post"}],"author":[{"embeddable":true,"href":"http:\/\/historischer-verein-speyer.de\/index.php?rest_route=\/wp\/v2\/users\/2"}],"replies":[{"embeddable":true,"href":"http:\/\/historischer-verein-speyer.de\/index.php?rest_route=%2Fwp%2Fv2%2Fcomments&post=345"}],"version-history":[{"count":19,"href":"http:\/\/historischer-verein-speyer.de\/index.php?rest_route=\/wp\/v2\/posts\/345\/revisions"}],"predecessor-version":[{"id":1378,"href":"http:\/\/historischer-verein-speyer.de\/index.php?rest_route=\/wp\/v2\/posts\/345\/revisions\/1378"}],"wp:attachment":[{"href":"http:\/\/historischer-verein-speyer.de\/index.php?rest_route=%2Fwp%2Fv2%2Fmedia&parent=345"}],"wp:term":[{"taxonomy":"category","embeddable":true,"href":"http:\/\/historischer-verein-speyer.de\/index.php?rest_route=%2Fwp%2Fv2%2Fcategories&post=345"},{"taxonomy":"post_tag","embeddable":true,"href":"http:\/\/historischer-verein-speyer.de\/index.php?rest_route=%2Fwp%2Fv2%2Ftags&post=345"}],"curies":[{"name":"wp","href":"https:\/\/api.w.org\/{rel}","templated":true}]}}