{"id":469,"date":"2012-12-06T19:46:52","date_gmt":"2012-12-06T17:46:52","guid":{"rendered":"http:\/\/historischer-verein-speyer.de\/html\/?p=469"},"modified":"2020-11-14T19:29:57","modified_gmt":"2020-11-14T17:29:57","slug":"video-geschichtsschreibung-der-reichsstadt-speyer-im-spaten-mittelalter","status":"publish","type":"post","link":"http:\/\/historischer-verein-speyer.de\/?p=469","title":{"rendered":"Vortrag 03.12.2012: Geschichtsschreibung der Reichsstadt Speyer im sp\u00e4ten Mittelalter"},"content":{"rendered":"<p><iframe loading=\"lazy\" title=\"Geschichtsschreibung der Reichsstadt Speyer im sp\u00e4ten Mittelalter - Dr. Klaus Graf\" width=\"768\" height=\"576\" src=\"https:\/\/www.youtube.com\/embed\/t97bOtsUYXE?feature=oembed\" frameborder=\"0\" allow=\"accelerometer; autoplay; clipboard-write; encrypted-media; gyroscope; picture-in-picture\" allowfullscreen><\/iframe><\/p>\n<p>Wenn es um alte Speyerer Chroniken geht, denkt der Kenner zun\u00e4chst an die ber\u00fchmte Stadtgeschichte Christoph Lehmanns aus dem fr\u00fchen 17. Jahrhundert. Aber es gab schon im 14. und 15. Jahrhundert beachtliche Zeugnisse st\u00e4dtischer Geschichtsschreibung in Speyer, die den Vergleich mit den bekannteren Chroniken in Mainz und Worms nicht zu scheuen brauchen. So erlaubt etwa die \u201cSpeyrer Chronik\u201d aus der zweiten H\u00e4lfte des 15. Jahrhunderts R\u00fcckschl\u00fcsse auf die politische Position der Reichsstadt, die damals dem Pfalzgrafen Friedrich dem Siegreichen n\u00e4her stand als ihrem Stadtherrn, dem Habsburger Friedrich III. Das Werk ist zugleich ein Spiegel des mitteleurop\u00e4ischen Zeitgeschehens, vergleichbar mit der heutigen Tagespresse. Die Handschrift liegt heute im Generallandesarchiv Karlsruhe. Ein \u00e4hnliches Werk aus dem Umkreis des Speyerer Rats im Landesarchiv Speyer wurde bislang noch nicht ausgewertet. Diese und weitere Zeugnisse pr\u00e4sentiert der Vortrag von Dr. Klaus Graf am 3. Dezember 2012.<\/p>\n<div>Graf ist Gesch\u00e4ftsf\u00fchrer des Hochschularchivs der RWTH Aachen und Experte f\u00fcr die st\u00e4dtische Geschichtsschreibung und Erinnerungskultur des Sp\u00e4tmittelalters und der fr\u00fchen Neuzeit.<\/div>\n<div>&nbsp;<\/div>\n<div>[nggallery id=8]<\/div>\n","protected":false},"excerpt":{"rendered":"<p>Wenn es um alte Speyerer Chroniken geht, denkt der Kenner zun\u00e4chst an die ber\u00fchmte Stadtgeschichte Christoph Lehmanns aus dem fr\u00fchen 17. Jahrhundert. Aber es gab schon im 14. und 15. Jahrhundert beachtliche Zeugnisse st\u00e4dtischer Geschichtsschreibung in Speyer, die den Vergleich mit den bekannteren Chroniken in Mainz und Worms nicht zu scheuen brauchen. So erlaubt etwa [&hellip;]<\/p>\n","protected":false},"author":2,"featured_media":0,"comment_status":"closed","ping_status":"open","sticky":false,"template":"","format":"standard","meta":{"footnotes":""},"categories":[13,8],"tags":[23,24,25,15],"class_list":["post-469","post","type-post","status-publish","format-standard","hentry","category-videos","category-aufsatze-vortrage","tag-geschichtsschreibung","tag-graf","tag-mittelalter","tag-speyer"],"_links":{"self":[{"href":"http:\/\/historischer-verein-speyer.de\/index.php?rest_route=\/wp\/v2\/posts\/469","targetHints":{"allow":["GET"]}}],"collection":[{"href":"http:\/\/historischer-verein-speyer.de\/index.php?rest_route=\/wp\/v2\/posts"}],"about":[{"href":"http:\/\/historischer-verein-speyer.de\/index.php?rest_route=\/wp\/v2\/types\/post"}],"author":[{"embeddable":true,"href":"http:\/\/historischer-verein-speyer.de\/index.php?rest_route=\/wp\/v2\/users\/2"}],"replies":[{"embeddable":true,"href":"http:\/\/historischer-verein-speyer.de\/index.php?rest_route=%2Fwp%2Fv2%2Fcomments&post=469"}],"version-history":[{"count":13,"href":"http:\/\/historischer-verein-speyer.de\/index.php?rest_route=\/wp\/v2\/posts\/469\/revisions"}],"predecessor-version":[{"id":3130,"href":"http:\/\/historischer-verein-speyer.de\/index.php?rest_route=\/wp\/v2\/posts\/469\/revisions\/3130"}],"wp:attachment":[{"href":"http:\/\/historischer-verein-speyer.de\/index.php?rest_route=%2Fwp%2Fv2%2Fmedia&parent=469"}],"wp:term":[{"taxonomy":"category","embeddable":true,"href":"http:\/\/historischer-verein-speyer.de\/index.php?rest_route=%2Fwp%2Fv2%2Fcategories&post=469"},{"taxonomy":"post_tag","embeddable":true,"href":"http:\/\/historischer-verein-speyer.de\/index.php?rest_route=%2Fwp%2Fv2%2Ftags&post=469"}],"curies":[{"name":"wp","href":"https:\/\/api.w.org\/{rel}","templated":true}]}}