{"id":483,"date":"2012-12-15T10:40:03","date_gmt":"2012-12-15T08:40:03","guid":{"rendered":"http:\/\/historischer-verein-speyer.de\/html\/?p=483"},"modified":"2014-06-15T18:34:54","modified_gmt":"2014-06-15T16:34:54","slug":"oral-history-hans-gruber","status":"publish","type":"post","link":"http:\/\/historischer-verein-speyer.de\/?p=483","title":{"rendered":"Oral History: Hans Gruber"},"content":{"rendered":"<p>Hans Gruber hat von 1990 bis 2010 f\u00fcr seine Vaterstadt Speyer mehr als 60 Brosch\u00fcren \u00fcber Themen dieser Stadt geschrieben, die alle interessant und lesenswert sind. Ein reiches Spektrum \u00fcber unsere Stadtgeschichte konnte somit abgedeckt werden. Beinhaltet ist ein gro\u00dfer Themenbereich \u00fcber die Speyerer Fasenacht und ihre sch\u00f6nsten Lieder. Die meisten der genannten \u201cSpeyerer Brosch\u00fcren\u201d befinden sich im Stadtarchiv Speyer, wo sie jederzeit eingesehen werden k\u00f6nnen.<\/p>\n<p>&nbsp;<\/p>\n<p><iframe loading=\"lazy\" title=\"Oral History: Hans Gruber\" width=\"768\" height=\"576\" src=\"https:\/\/www.youtube.com\/embed\/7PWFiWnyTDM?feature=oembed\" frameborder=\"0\" allow=\"accelerometer; autoplay; clipboard-write; encrypted-media; gyroscope; picture-in-picture\" allowfullscreen><\/iframe><\/p>\n<p>&nbsp;<\/p>\n<p>[nggallery id=9]<\/p>\n","protected":false},"excerpt":{"rendered":"<p>Hans Gruber hat von 1990 bis 2010 f\u00fcr seine Vaterstadt Speyer mehr als 60 Brosch\u00fcren \u00fcber Themen dieser Stadt geschrieben, die alle interessant und lesenswert sind. Ein reiches Spektrum \u00fcber unsere Stadtgeschichte konnte somit abgedeckt werden. Beinhaltet ist ein gro\u00dfer Themenbereich \u00fcber die Speyerer Fasenacht und ihre sch\u00f6nsten Lieder. Die meisten der genannten \u201cSpeyerer Brosch\u00fcren\u201d [&hellip;]<\/p>\n","protected":false},"author":2,"featured_media":0,"comment_status":"closed","ping_status":"open","sticky":false,"template":"","format":"standard","meta":{"footnotes":""},"categories":[13,14],"tags":[],"class_list":["post-483","post","type-post","status-publish","format-standard","hentry","category-videos","category-oral-history"],"_links":{"self":[{"href":"http:\/\/historischer-verein-speyer.de\/index.php?rest_route=\/wp\/v2\/posts\/483","targetHints":{"allow":["GET"]}}],"collection":[{"href":"http:\/\/historischer-verein-speyer.de\/index.php?rest_route=\/wp\/v2\/posts"}],"about":[{"href":"http:\/\/historischer-verein-speyer.de\/index.php?rest_route=\/wp\/v2\/types\/post"}],"author":[{"embeddable":true,"href":"http:\/\/historischer-verein-speyer.de\/index.php?rest_route=\/wp\/v2\/users\/2"}],"replies":[{"embeddable":true,"href":"http:\/\/historischer-verein-speyer.de\/index.php?rest_route=%2Fwp%2Fv2%2Fcomments&post=483"}],"version-history":[{"count":9,"href":"http:\/\/historischer-verein-speyer.de\/index.php?rest_route=\/wp\/v2\/posts\/483\/revisions"}],"predecessor-version":[{"id":1472,"href":"http:\/\/historischer-verein-speyer.de\/index.php?rest_route=\/wp\/v2\/posts\/483\/revisions\/1472"}],"wp:attachment":[{"href":"http:\/\/historischer-verein-speyer.de\/index.php?rest_route=%2Fwp%2Fv2%2Fmedia&parent=483"}],"wp:term":[{"taxonomy":"category","embeddable":true,"href":"http:\/\/historischer-verein-speyer.de\/index.php?rest_route=%2Fwp%2Fv2%2Fcategories&post=483"},{"taxonomy":"post_tag","embeddable":true,"href":"http:\/\/historischer-verein-speyer.de\/index.php?rest_route=%2Fwp%2Fv2%2Ftags&post=483"}],"curies":[{"name":"wp","href":"https:\/\/api.w.org\/{rel}","templated":true}]}}