{"id":523,"date":"2013-01-15T17:37:47","date_gmt":"2013-01-15T15:37:47","guid":{"rendered":"http:\/\/historischer-verein-speyer.de\/html\/?p=523"},"modified":"2014-05-14T18:13:32","modified_gmt":"2014-05-14T16:13:32","slug":"oral-history-irma-gros-1","status":"publish","type":"post","link":"http:\/\/historischer-verein-speyer.de\/?p=523","title":{"rendered":"Oral History: Irma Gro\u00df (1)"},"content":{"rendered":"<p>Frau Irma Gro\u00df verbrachte ihre Kindheit in der Burgstra\u00dfe neben der damaligen Schuhfabrik Roos. Freuen Sie sich auf interessante Geschichten aus ihrer Jugend bis 1945.\u00a0Besonders bemerkenswert ist ihr kleiner Widerstand gegen die Nazis und die damit verbundenen Folgen\u2026<\/p>\n<p>Wegen der F\u00fclle der Informationen, haben wir zwei Teile des Interviews produziert. Der erste Teil behandelt die Jahre bis Kriegsende 1945.<\/p>\n<p><iframe loading=\"lazy\" title=\"Oral History Irma Gro\u00df Teil 1\/2\" width=\"768\" height=\"576\" src=\"https:\/\/www.youtube.com\/embed\/Bcef6yU9guM?feature=oembed\" frameborder=\"0\" allow=\"accelerometer; autoplay; clipboard-write; encrypted-media; gyroscope; picture-in-picture\" allowfullscreen><\/iframe><\/p>\n<p>Bei diesem Video darf ich mich f\u00fcr die Unterst\u00fctzung bei Frau Kolbinger bedanken.<\/p>\n<p>[nggallery id=10]<\/p>\n","protected":false},"excerpt":{"rendered":"<p>Frau Irma Gro\u00df verbrachte ihre Kindheit in der Burgstra\u00dfe neben der damaligen Schuhfabrik Roos. Freuen Sie sich auf interessante Geschichten aus ihrer Jugend bis 1945.\u00a0Besonders bemerkenswert ist ihr kleiner Widerstand gegen die Nazis und die damit verbundenen Folgen\u2026 Wegen der F\u00fclle der Informationen, haben wir zwei Teile des Interviews produziert. Der erste Teil behandelt die [&hellip;]<\/p>\n","protected":false},"author":2,"featured_media":0,"comment_status":"closed","ping_status":"open","sticky":false,"template":"","format":"standard","meta":{"footnotes":""},"categories":[13,14],"tags":[27,28,15,252],"class_list":["post-523","post","type-post","status-publish","format-standard","hentry","category-videos","category-oral-history","tag-roos","tag-schuhfabrik","tag-speyer","tag-oral-history"],"_links":{"self":[{"href":"http:\/\/historischer-verein-speyer.de\/index.php?rest_route=\/wp\/v2\/posts\/523","targetHints":{"allow":["GET"]}}],"collection":[{"href":"http:\/\/historischer-verein-speyer.de\/index.php?rest_route=\/wp\/v2\/posts"}],"about":[{"href":"http:\/\/historischer-verein-speyer.de\/index.php?rest_route=\/wp\/v2\/types\/post"}],"author":[{"embeddable":true,"href":"http:\/\/historischer-verein-speyer.de\/index.php?rest_route=\/wp\/v2\/users\/2"}],"replies":[{"embeddable":true,"href":"http:\/\/historischer-verein-speyer.de\/index.php?rest_route=%2Fwp%2Fv2%2Fcomments&post=523"}],"version-history":[{"count":12,"href":"http:\/\/historischer-verein-speyer.de\/index.php?rest_route=\/wp\/v2\/posts\/523\/revisions"}],"predecessor-version":[{"id":1379,"href":"http:\/\/historischer-verein-speyer.de\/index.php?rest_route=\/wp\/v2\/posts\/523\/revisions\/1379"}],"wp:attachment":[{"href":"http:\/\/historischer-verein-speyer.de\/index.php?rest_route=%2Fwp%2Fv2%2Fmedia&parent=523"}],"wp:term":[{"taxonomy":"category","embeddable":true,"href":"http:\/\/historischer-verein-speyer.de\/index.php?rest_route=%2Fwp%2Fv2%2Fcategories&post=523"},{"taxonomy":"post_tag","embeddable":true,"href":"http:\/\/historischer-verein-speyer.de\/index.php?rest_route=%2Fwp%2Fv2%2Ftags&post=523"}],"curies":[{"name":"wp","href":"https:\/\/api.w.org\/{rel}","templated":true}]}}