{"id":545,"date":"2013-01-31T16:23:24","date_gmt":"2013-01-31T14:23:24","guid":{"rendered":"http:\/\/historischer-verein-speyer.de\/html\/?p=545"},"modified":"2014-06-15T18:32:48","modified_gmt":"2014-06-15T16:32:48","slug":"oral-history-karl-weiler","status":"publish","type":"post","link":"http:\/\/historischer-verein-speyer.de\/?p=545","title":{"rendered":"Oral History: Karl Weiler"},"content":{"rendered":"<p>Karl Weiler wuchs im Burgfeld, genauer gesagt, in der Peter-Drach-Stra\u00dfe auf. Dort ganz in der N\u00e4he war auch der Bahnhof des Pfefferminzb\u00e4hnels. Die Erlebnisse in seiner Jugend und w\u00e4hrend des Krieges in Speyer schildert uns Herr Weiler in diesem Video.<\/p>\n<p><iframe loading=\"lazy\" title=\"Oral History: Karl Weiler\" width=\"768\" height=\"576\" src=\"https:\/\/www.youtube.com\/embed\/TNWOMvvYoJM?feature=oembed\" frameborder=\"0\" allow=\"accelerometer; autoplay; clipboard-write; encrypted-media; gyroscope; picture-in-picture\" allowfullscreen><\/iframe><\/p>\n<p>[nggallery id=12]<\/p>\n","protected":false},"excerpt":{"rendered":"<p>Karl Weiler wuchs im Burgfeld, genauer gesagt, in der Peter-Drach-Stra\u00dfe auf. Dort ganz in der N\u00e4he war auch der Bahnhof des Pfefferminzb\u00e4hnels. Die Erlebnisse in seiner Jugend und w\u00e4hrend des Krieges in Speyer schildert uns Herr Weiler in diesem Video. [nggallery id=12]<\/p>\n","protected":false},"author":2,"featured_media":0,"comment_status":"closed","ping_status":"open","sticky":false,"template":"","format":"standard","meta":{"footnotes":""},"categories":[13,14],"tags":[15,252],"class_list":["post-545","post","type-post","status-publish","format-standard","hentry","category-videos","category-oral-history","tag-speyer","tag-oral-history"],"_links":{"self":[{"href":"http:\/\/historischer-verein-speyer.de\/index.php?rest_route=\/wp\/v2\/posts\/545","targetHints":{"allow":["GET"]}}],"collection":[{"href":"http:\/\/historischer-verein-speyer.de\/index.php?rest_route=\/wp\/v2\/posts"}],"about":[{"href":"http:\/\/historischer-verein-speyer.de\/index.php?rest_route=\/wp\/v2\/types\/post"}],"author":[{"embeddable":true,"href":"http:\/\/historischer-verein-speyer.de\/index.php?rest_route=\/wp\/v2\/users\/2"}],"replies":[{"embeddable":true,"href":"http:\/\/historischer-verein-speyer.de\/index.php?rest_route=%2Fwp%2Fv2%2Fcomments&post=545"}],"version-history":[{"count":10,"href":"http:\/\/historischer-verein-speyer.de\/index.php?rest_route=\/wp\/v2\/posts\/545\/revisions"}],"predecessor-version":[{"id":1471,"href":"http:\/\/historischer-verein-speyer.de\/index.php?rest_route=\/wp\/v2\/posts\/545\/revisions\/1471"}],"wp:attachment":[{"href":"http:\/\/historischer-verein-speyer.de\/index.php?rest_route=%2Fwp%2Fv2%2Fmedia&parent=545"}],"wp:term":[{"taxonomy":"category","embeddable":true,"href":"http:\/\/historischer-verein-speyer.de\/index.php?rest_route=%2Fwp%2Fv2%2Fcategories&post=545"},{"taxonomy":"post_tag","embeddable":true,"href":"http:\/\/historischer-verein-speyer.de\/index.php?rest_route=%2Fwp%2Fv2%2Ftags&post=545"}],"curies":[{"name":"wp","href":"https:\/\/api.w.org\/{rel}","templated":true}]}}