{"id":555,"date":"2013-02-05T10:45:46","date_gmt":"2013-02-05T08:45:46","guid":{"rendered":"http:\/\/historischer-verein-speyer.de\/html\/?p=555"},"modified":"2014-05-31T17:29:26","modified_gmt":"2014-05-31T15:29:26","slug":"oral-history-irma-gros-2","status":"publish","type":"post","link":"http:\/\/historischer-verein-speyer.de\/?p=555","title":{"rendered":"Oral History: Irma Gro\u00df (2)"},"content":{"rendered":"<p>Frau Irma Gro\u00df erz\u00e4hlte uns im ersten Teil von ihrer Jugend in der Burgstra\u00dfe bei der Schuhfabrik Roos bis 1945. Nun geht es weiter mit interessanten Einblicken in ihre Arbeit bei der franz\u00f6sischen Besatzungsmacht in Speyer.<\/p>\n<p>&nbsp;<\/p>\n<p><iframe loading=\"lazy\" title=\"Oral History Irma Gro\u00df Teil 2\/2\" width=\"768\" height=\"576\" src=\"https:\/\/www.youtube.com\/embed\/Swn9CNhIrq8?feature=oembed\" frameborder=\"0\" allow=\"accelerometer; autoplay; clipboard-write; encrypted-media; gyroscope; picture-in-picture\" allowfullscreen><\/iframe><\/p>\n<p>&nbsp;<\/p>\n<p>&nbsp;<\/p>\n<p>Bilder aus der franz\u00f6sischen Besatzungszeit finden Sie <a title=\"Die franz\ufffdsische Milit\ufffdrverwaltung von 1945-1949\" href=\"http:\/\/historischer-verein-speyer.de\/html\/?p=603\">in diesem Beitrag<\/a>.<\/p>\n<p>&nbsp;<\/p>\n<p>Auch bei diesem Beitrag wurde ich dankenswerterweise von Frau Kolbinger unterst\u00fctzt.<\/p>\n","protected":false},"excerpt":{"rendered":"<p>Frau Irma Gro\u00df erz\u00e4hlte uns im ersten Teil von ihrer Jugend in der Burgstra\u00dfe bei der Schuhfabrik Roos bis 1945. Nun geht es weiter mit interessanten Einblicken in ihre Arbeit bei der franz\u00f6sischen Besatzungsmacht in Speyer. &nbsp; &nbsp; &nbsp; Bilder aus der franz\u00f6sischen Besatzungszeit finden Sie in diesem Beitrag. &nbsp; Auch bei diesem Beitrag wurde [&hellip;]<\/p>\n","protected":false},"author":2,"featured_media":0,"comment_status":"closed","ping_status":"open","sticky":false,"template":"","format":"standard","meta":{"footnotes":""},"categories":[13,14],"tags":[],"class_list":["post-555","post","type-post","status-publish","format-standard","hentry","category-videos","category-oral-history"],"_links":{"self":[{"href":"http:\/\/historischer-verein-speyer.de\/index.php?rest_route=\/wp\/v2\/posts\/555","targetHints":{"allow":["GET"]}}],"collection":[{"href":"http:\/\/historischer-verein-speyer.de\/index.php?rest_route=\/wp\/v2\/posts"}],"about":[{"href":"http:\/\/historischer-verein-speyer.de\/index.php?rest_route=\/wp\/v2\/types\/post"}],"author":[{"embeddable":true,"href":"http:\/\/historischer-verein-speyer.de\/index.php?rest_route=\/wp\/v2\/users\/2"}],"replies":[{"embeddable":true,"href":"http:\/\/historischer-verein-speyer.de\/index.php?rest_route=%2Fwp%2Fv2%2Fcomments&post=555"}],"version-history":[{"count":8,"href":"http:\/\/historischer-verein-speyer.de\/index.php?rest_route=\/wp\/v2\/posts\/555\/revisions"}],"predecessor-version":[{"id":1449,"href":"http:\/\/historischer-verein-speyer.de\/index.php?rest_route=\/wp\/v2\/posts\/555\/revisions\/1449"}],"wp:attachment":[{"href":"http:\/\/historischer-verein-speyer.de\/index.php?rest_route=%2Fwp%2Fv2%2Fmedia&parent=555"}],"wp:term":[{"taxonomy":"category","embeddable":true,"href":"http:\/\/historischer-verein-speyer.de\/index.php?rest_route=%2Fwp%2Fv2%2Fcategories&post=555"},{"taxonomy":"post_tag","embeddable":true,"href":"http:\/\/historischer-verein-speyer.de\/index.php?rest_route=%2Fwp%2Fv2%2Ftags&post=555"}],"curies":[{"name":"wp","href":"https:\/\/api.w.org\/{rel}","templated":true}]}}