{"id":603,"date":"2013-02-21T16:52:59","date_gmt":"2013-02-21T14:52:59","guid":{"rendered":"http:\/\/historischer-verein-speyer.de\/html\/?p=603"},"modified":"2013-09-04T16:42:54","modified_gmt":"2013-09-04T14:42:54","slug":"die-franzosische-militarverwaltung-von-1945-1949","status":"publish","type":"post","link":"http:\/\/historischer-verein-speyer.de\/?p=603","title":{"rendered":"Die franz\u00f6sische Milit\u00e4rverwaltung von 1945-1949"},"content":{"rendered":"<p>Frau Gro\u00df, die von 1945-1949 in der franz\u00f6sischen Milit\u00e4rverwaltung arbeitete (<a title=\"Oral History: Irma Gro\u00df (2)\" href=\"http:\/\/historischer-verein-speyer.de\/html\/?p=555\">siehe Oral History Beitrag<\/a>), stellte uns ein Fotoalbum der Mitglieder dieser Verwaltung zur Verf\u00fcgung. Interessante Zeitzeugenbilder, wie ich finde.<\/p>\n<p><strong>[nggallery id=23]<\/strong><\/p>\n","protected":false},"excerpt":{"rendered":"<p>Frau Gro\u00df, die von 1945-1949 in der franz\u00f6sischen Milit\u00e4rverwaltung arbeitete (siehe Oral History Beitrag), stellte uns ein Fotoalbum der Mitglieder dieser Verwaltung zur Verf\u00fcgung. Interessante Zeitzeugenbilder, wie ich finde. [nggallery id=23]<\/p>\n","protected":false},"author":2,"featured_media":0,"comment_status":"closed","ping_status":"open","sticky":false,"template":"","format":"standard","meta":{"footnotes":""},"categories":[11],"tags":[],"class_list":["post-603","post","type-post","status-publish","format-standard","hentry","category-stadtgeschichte"],"_links":{"self":[{"href":"http:\/\/historischer-verein-speyer.de\/index.php?rest_route=\/wp\/v2\/posts\/603","targetHints":{"allow":["GET"]}}],"collection":[{"href":"http:\/\/historischer-verein-speyer.de\/index.php?rest_route=\/wp\/v2\/posts"}],"about":[{"href":"http:\/\/historischer-verein-speyer.de\/index.php?rest_route=\/wp\/v2\/types\/post"}],"author":[{"embeddable":true,"href":"http:\/\/historischer-verein-speyer.de\/index.php?rest_route=\/wp\/v2\/users\/2"}],"replies":[{"embeddable":true,"href":"http:\/\/historischer-verein-speyer.de\/index.php?rest_route=%2Fwp%2Fv2%2Fcomments&post=603"}],"version-history":[{"count":5,"href":"http:\/\/historischer-verein-speyer.de\/index.php?rest_route=\/wp\/v2\/posts\/603\/revisions"}],"predecessor-version":[{"id":893,"href":"http:\/\/historischer-verein-speyer.de\/index.php?rest_route=\/wp\/v2\/posts\/603\/revisions\/893"}],"wp:attachment":[{"href":"http:\/\/historischer-verein-speyer.de\/index.php?rest_route=%2Fwp%2Fv2%2Fmedia&parent=603"}],"wp:term":[{"taxonomy":"category","embeddable":true,"href":"http:\/\/historischer-verein-speyer.de\/index.php?rest_route=%2Fwp%2Fv2%2Fcategories&post=603"},{"taxonomy":"post_tag","embeddable":true,"href":"http:\/\/historischer-verein-speyer.de\/index.php?rest_route=%2Fwp%2Fv2%2Ftags&post=603"}],"curies":[{"name":"wp","href":"https:\/\/api.w.org\/{rel}","templated":true}]}}