{"id":608,"date":"2013-02-27T19:30:04","date_gmt":"2013-02-27T17:30:04","guid":{"rendered":"http:\/\/historischer-verein-speyer.de\/html\/?p=608"},"modified":"2013-09-03T17:53:40","modified_gmt":"2013-09-03T15:53:40","slug":"der-schwalbenturm","status":"publish","type":"post","link":"http:\/\/historischer-verein-speyer.de\/?p=608","title":{"rendered":"Der Schwalbenturm"},"content":{"rendered":"<p>Vielen Speyerern ist der Schwalbenturm unbekannt, und selbst das so ausgezeichnete Werk \u201cKunstdenkm\u00e4ler von Bayern\u201d, Band Speyer, hat ihn in seiner Aufstellung der noch vorhandenen Stadtt\u00fcrme vergessen. Auf dem dort beiliegenden Katasterblatt ist er wohl eingezeichnet, aber nicht \u2013 wie auch die anschlie\u00dfende Stadtmauer \u2013 als ehemalige Stadtbefestigung gekennzeichnet. Der Grund hierzu mag sein, dass man den Schwalbenturm weder von der Unteren Langgasse noch von der M\u00fchlturmstra\u00dfe her sehen kann. Von Haus Nummer 4 der Unteren Langgasse kann man in den ehemaligen Stadtgraben hinuntersteigen und sieht dann die Au\u00dfenseite (Nordseite) des Turmes, links davon die Reste der alten Stadtmauer. Besteigen l\u00e4sst sich der Turm nur von der M\u00fchlturmstra\u00dfe her durch die ehemalige M\u00fchlturmgarage.<a href=\"http:\/\/historischer-verein-speyer.de\/html\/wp-content\/uploads\/2013\/02\/Schwalbenturm-02.jpg\"><img loading=\"lazy\" decoding=\"async\" class=\"alignleft\" alt=\"Schwalbenturm 02\" src=\"http:\/\/historischer-verein-speyer.de\/html\/wp-content\/uploads\/2013\/02\/Schwalbenturm-02-150x150.jpg\" width=\"150\" height=\"150\" \/><\/a><\/p>\n<p>Der Schwalbenturm z\u00e4hlt zu den n\u00f6rdlichen Mauert\u00fcrmen der St.-Gilgen-Vorstadt. Seinen Namen verdankt er, gleich den meisten T\u00fcrmen dieser Vorstadt, z.B. den T\u00fcrmen \u201cZum Storchen\u201d, \u201cZum Habicht\u201d, Zum Kautz\u201d usw., einer Vogelart. Sein Erbauungsjahr im sp\u00e4ten Mittelalter ist unbekannt. Die milit\u00e4rische Bedeutung war gering. Im \u201cInventarium des Zeugamtes\u201d von 1611, das die damaligen Zeugmeister der Freien Reichsstadt, Daniel Gau\u00df, Hans Georg H\u00fcnerfauth, Leonhard Kaiser und Hans Treiber verfassten, wird vermerkt, dass im Turm \u201cZur Schwalbe\u201d keine Waffen aufbewahrt werden. Damals aber waren von den 68 T\u00fcrmen der Stadtbefestigung nur acht, n\u00fcmlich die T\u00fcrme \u201cZur Schwalbe\u201d, \u201cZum Kautz\u201d, \u201cZur Hatzel\u201d, \u201cZum Hahnen\u201d und \u201cZum Bock\u201d der St.-Gilgen-Vorstadt, der \u00e4u\u00dfere Germansturm bei der Sankt-Marx-Vorstadt und die T\u00fcrme \u201cZur Tanne\u201d und \u201cErle\u201d in der Vortstadt Alt Speyer ohne Waffen.<\/p>\n<p>Im Jahre 1595 wurde der Turm zur Schwalbe noch so umschrieben: \u201cTurm in Jerg Beyerlins Garten\u201d. Vermutlich ist das, obwohl der Titel \u201cHerr\u201d fehlt, der RKG Advokat Dr. Georg Berlin. Seine Witwe besa\u00df hier bis 1578 ein Grundst\u00fcck. 1772 ben\u00fctzte ihn der Glaser Ludwig Spiegel als Gartenhaus. Im 18. und 19. Jahrhundert fanden die ehemaligen Vorstadtt\u00fcrme gerne als Gartenh\u00e4user Verwendung, so der Falkenturm bei der Ged\u00e4chtniskirche als Gartenhaus des Herrn von Rogister (1839), der Zimmermannsturm in der N\u00e4he des Sitzes der evangelischen Landeskirche als Ruheort des \u201cunchristlichen Christians\u201d des Speyerer Goethefreundes Dr. Ehrmann (1819), der ehemalige Runde Turm oder Alte M\u00fchlturm an der R\u00fctzhaubstra\u00dfe als \u201cGartenhaus der Familie Becker\u201d (1772) usw. Auch vor dem Schwalbenturm dehnte sich, wie ein Stadtplan aus dem Jahre 1821 anzeigt, eine gepflegte Gartenanlage aus. Das biedermeierliche Speyer war ja an solchen Gartenanlagen nicht arm. Davon ist nichts mehr vorhanden, in den letzten Jahren diente der Turm als Kohlenkeller.<\/p>\n<p style=\"text-align: center;\"><a href=\"http:\/\/historischer-verein-speyer.de\/html\/wp-content\/uploads\/2013\/02\/Schwalbenturm-01.jpg\"><img loading=\"lazy\" decoding=\"async\" class=\"aligncenter\" alt=\"Schwalbenturm 01\" src=\"http:\/\/historischer-verein-speyer.de\/html\/wp-content\/uploads\/2013\/02\/Schwalbenturm-01-150x150.jpg\" width=\"150\" height=\"150\" \/><\/a><\/p>\n<p style=\"text-align: center;\"><a href=\"http:\/\/historischer-verein-speyer.de\/html\/wp-content\/uploads\/2013\/02\/DSCF5445.jpg\"><img loading=\"lazy\" decoding=\"async\" class=\"aligncenter\" alt=\"Schwalbenturm 05\" src=\"http:\/\/historischer-verein-speyer.de\/html\/wp-content\/uploads\/2013\/02\/DSCF5445-150x150.jpg\" width=\"150\" height=\"150\" \/><\/a><\/p>\n<p>Der Schwalbenturm, ein Rundturm, steht etwas mehr als zur H\u00e4lfte aus der Stadtmauer hervor. Seine R\u00fcckseite (S\u00fcdseite) d\u00fcrfte fr\u00fcher offen gewesen sein. Nach der Stadtbeschreibung von 1772 ma\u00df die R\u00fcckseite 18 Schuh ( ~5,18 Meter), seine Tiefe 22 Schuh (~6,04 Meter). Wie sich Herr Adam Witz, Untere Langgasse 4, 1950 erinnerte \u2013 seit 1878 wohnte er dort \u2013 hatte der Turm fr\u00fcher ein Kegeldach. Dieses Dach st\u00fcrzte in den 1930er Jahren bei einem n\u00e4chtlichen Sturm ein. Damals wurden die oberen Turmteile im heutigen Zustand aufgebaut und mit einer Plattform und einer Galerie versehen. An der Westseite f\u00fchrt eine schmale Betontreppe hoch. Schie\u00dfscharten sind nicht mehr vorhanden. Nur zwei rundbogenf\u00f6rmige Fenster \u2013 eins ist zugemauert \u2013 aus neuerer Zeit zeigen in den Stadtgraben. Die H\u00f6he des Turmes betr\u00e4gt vom Stadtgraben bis zur Galerie 6,8 Meter, innen (Hofseite bis Galerie) 5 Meter.<\/p>\n<p><a href=\"http:\/\/historischer-verein-speyer.de\/html\/wp-content\/uploads\/2013\/02\/DSCF5447.jpg\"><img loading=\"lazy\" decoding=\"async\" alt=\"Schwalbenturm 06\" src=\"http:\/\/historischer-verein-speyer.de\/html\/wp-content\/uploads\/2013\/02\/DSCF5447-150x150.jpg\" width=\"150\" height=\"150\" \/><\/a> <a href=\"http:\/\/historischer-verein-speyer.de\/html\/wp-content\/uploads\/2013\/02\/DSCF5442.jpg\"><img loading=\"lazy\" decoding=\"async\" alt=\"Schwalbenturm 04\" src=\"http:\/\/historischer-verein-speyer.de\/html\/wp-content\/uploads\/2013\/02\/DSCF5442-150x150.jpg\" width=\"150\" height=\"150\" \/><\/a> <a href=\"http:\/\/historischer-verein-speyer.de\/html\/wp-content\/uploads\/2013\/02\/DSCF5440.jpg\"><img loading=\"lazy\" decoding=\"async\" alt=\"Schwalbenturm 03\" src=\"http:\/\/historischer-verein-speyer.de\/html\/wp-content\/uploads\/2013\/02\/DSCF5440-150x150.jpg\" width=\"150\" height=\"150\" \/><\/a><\/p>\n","protected":false},"excerpt":{"rendered":"<p>Vielen Speyerern ist der Schwalbenturm unbekannt, und selbst das so ausgezeichnete Werk \u201cKunstdenkm\u00e4ler von Bayern\u201d, Band Speyer, hat ihn in seiner Aufstellung der noch vorhandenen Stadtt\u00fcrme vergessen. Auf dem dort beiliegenden Katasterblatt ist er wohl eingezeichnet, aber nicht \u2013 wie auch die anschlie\u00dfende Stadtmauer \u2013 als ehemalige Stadtbefestigung gekennzeichnet. Der Grund hierzu mag sein, dass [&hellip;]<\/p>\n","protected":false},"author":2,"featured_media":0,"comment_status":"closed","ping_status":"open","sticky":false,"template":"","format":"standard","meta":{"footnotes":""},"categories":[11],"tags":[41,15,40],"class_list":["post-608","post","type-post","status-publish","format-standard","hentry","category-stadtgeschichte","tag-schwalbenturm","tag-speyer","tag-stadtbefestigung"],"_links":{"self":[{"href":"http:\/\/historischer-verein-speyer.de\/index.php?rest_route=\/wp\/v2\/posts\/608","targetHints":{"allow":["GET"]}}],"collection":[{"href":"http:\/\/historischer-verein-speyer.de\/index.php?rest_route=\/wp\/v2\/posts"}],"about":[{"href":"http:\/\/historischer-verein-speyer.de\/index.php?rest_route=\/wp\/v2\/types\/post"}],"author":[{"embeddable":true,"href":"http:\/\/historischer-verein-speyer.de\/index.php?rest_route=\/wp\/v2\/users\/2"}],"replies":[{"embeddable":true,"href":"http:\/\/historischer-verein-speyer.de\/index.php?rest_route=%2Fwp%2Fv2%2Fcomments&post=608"}],"version-history":[{"count":22,"href":"http:\/\/historischer-verein-speyer.de\/index.php?rest_route=\/wp\/v2\/posts\/608\/revisions"}],"predecessor-version":[{"id":855,"href":"http:\/\/historischer-verein-speyer.de\/index.php?rest_route=\/wp\/v2\/posts\/608\/revisions\/855"}],"wp:attachment":[{"href":"http:\/\/historischer-verein-speyer.de\/index.php?rest_route=%2Fwp%2Fv2%2Fmedia&parent=608"}],"wp:term":[{"taxonomy":"category","embeddable":true,"href":"http:\/\/historischer-verein-speyer.de\/index.php?rest_route=%2Fwp%2Fv2%2Fcategories&post=608"},{"taxonomy":"post_tag","embeddable":true,"href":"http:\/\/historischer-verein-speyer.de\/index.php?rest_route=%2Fwp%2Fv2%2Ftags&post=608"}],"curies":[{"name":"wp","href":"https:\/\/api.w.org\/{rel}","templated":true}]}}