{"id":666,"date":"2013-05-14T15:55:11","date_gmt":"2013-05-14T13:55:11","guid":{"rendered":"http:\/\/historischer-verein-speyer.de\/html\/?p=666"},"modified":"2013-09-04T17:10:23","modified_gmt":"2013-09-04T15:10:23","slug":"vortrag-13-05-2013-die-kaiserinnen-in-salischer-zeit","status":"publish","type":"post","link":"http:\/\/historischer-verein-speyer.de\/?p=666","title":{"rendered":"Vortrag 13.05.2013: Die Kaiserinnen in salischer Zeit"},"content":{"rendered":"<p>Am Montag, 13.5.2013, fand in der Villa Ecarius der Vortrag \u201cDie Kaiserinnen in salischer Zeit. Ihre Macht und ihre Handlungsspielr\u00e4ume.\u201d von<br \/>\nProf. Dr. Amalie F\u00f6\u00dfel (Universit\u00e4t Duisburg-Essen) vor 51 interessierten Zuh\u00f6ren statt.<\/p>\n<p>Da die Referentin leider der Ver\u00f6ffentlichung des gedrehten Videos nicht zugestimmt hat, sehen Sie hier nur ein paar Bilder des Vortrags.<\/p>\n<p><strong>[nggallery id=24]<\/strong><\/p>\n","protected":false},"excerpt":{"rendered":"<p>Am Montag, 13.5.2013, fand in der Villa Ecarius der Vortrag \u201cDie Kaiserinnen in salischer Zeit. Ihre Macht und ihre Handlungsspielr\u00e4ume.\u201d von Prof. Dr. Amalie F\u00f6\u00dfel (Universit\u00e4t Duisburg-Essen) vor 51 interessierten Zuh\u00f6ren statt. Da die Referentin leider der Ver\u00f6ffentlichung des gedrehten Videos nicht zugestimmt hat, sehen Sie hier nur ein paar Bilder des Vortrags. [nggallery id=24]<\/p>\n","protected":false},"author":2,"featured_media":0,"comment_status":"closed","ping_status":"open","sticky":false,"template":"","format":"standard","meta":{"footnotes":""},"categories":[8],"tags":[],"class_list":["post-666","post","type-post","status-publish","format-standard","hentry","category-aufsatze-vortrage"],"_links":{"self":[{"href":"http:\/\/historischer-verein-speyer.de\/index.php?rest_route=\/wp\/v2\/posts\/666","targetHints":{"allow":["GET"]}}],"collection":[{"href":"http:\/\/historischer-verein-speyer.de\/index.php?rest_route=\/wp\/v2\/posts"}],"about":[{"href":"http:\/\/historischer-verein-speyer.de\/index.php?rest_route=\/wp\/v2\/types\/post"}],"author":[{"embeddable":true,"href":"http:\/\/historischer-verein-speyer.de\/index.php?rest_route=\/wp\/v2\/users\/2"}],"replies":[{"embeddable":true,"href":"http:\/\/historischer-verein-speyer.de\/index.php?rest_route=%2Fwp%2Fv2%2Fcomments&post=666"}],"version-history":[{"count":4,"href":"http:\/\/historischer-verein-speyer.de\/index.php?rest_route=\/wp\/v2\/posts\/666\/revisions"}],"predecessor-version":[{"id":897,"href":"http:\/\/historischer-verein-speyer.de\/index.php?rest_route=\/wp\/v2\/posts\/666\/revisions\/897"}],"wp:attachment":[{"href":"http:\/\/historischer-verein-speyer.de\/index.php?rest_route=%2Fwp%2Fv2%2Fmedia&parent=666"}],"wp:term":[{"taxonomy":"category","embeddable":true,"href":"http:\/\/historischer-verein-speyer.de\/index.php?rest_route=%2Fwp%2Fv2%2Fcategories&post=666"},{"taxonomy":"post_tag","embeddable":true,"href":"http:\/\/historischer-verein-speyer.de\/index.php?rest_route=%2Fwp%2Fv2%2Ftags&post=666"}],"curies":[{"name":"wp","href":"https:\/\/api.w.org\/{rel}","templated":true}]}}