{"id":672,"date":"2013-05-22T18:21:50","date_gmt":"2013-05-22T16:21:50","guid":{"rendered":"http:\/\/historischer-verein-speyer.de\/html\/?p=672"},"modified":"2020-07-19T14:38:14","modified_gmt":"2020-07-19T12:38:14","slug":"oral-history-jakob-schafer-1","status":"publish","type":"post","link":"http:\/\/historischer-verein-speyer.de\/?p=672","title":{"rendered":"Oral History: Jakob Sch\u00e4fer (1)"},"content":{"rendered":"<p>Herr Jakob Sch\u00e4fer wurde 1918 in Speyer geboren und wei\u00df Vieles aus der Vergangenheit Speyers zu berichten. So erlebte er live den Kampf der Separatisten um das Regierungspr\u00e4sidium in Speyer.<\/p>\n<p>Wegen der F\u00fclle der Informationen haben wir drei Teile produziert. Der erste Teil behandelt die Jahre bis 1936.<\/p>\n<p><iframe loading=\"lazy\" title=\"Oral History: Jakob Sch\u00e4fer Teil 1\/3\" width=\"768\" height=\"432\" src=\"https:\/\/www.youtube.com\/embed\/cFiGnTKMzoM?feature=oembed\" frameborder=\"0\" allow=\"accelerometer; autoplay; clipboard-write; encrypted-media; gyroscope; picture-in-picture\" allowfullscreen><\/iframe><\/p>\n<p>Bei diesem Video darf ich mich f\u00fcr die Unterst\u00fctzung bei Frau Kolbinger bedanken.<\/p>\n<p>Mehr zur autonomen Pfalz finden Sie bei <a title=\"wikipedia\" href=\"http:\/\/de.wikipedia.org\/wiki\/Autonome_Pfalz\" target=\"_blank\" rel=\"noopener noreferrer\">wikipedia<\/a>.<\/p>\n","protected":false},"excerpt":{"rendered":"<p>Herr Jakob Sch\u00e4fer wurde 1918 in Speyer geboren und wei\u00df Vieles aus der Vergangenheit Speyers zu berichten. So erlebte er live den Kampf der Separatisten um das Regierungspr\u00e4sidium in Speyer. Wegen der F\u00fclle der Informationen haben wir drei Teile produziert. Der erste Teil behandelt die Jahre bis 1936. Bei diesem Video darf ich mich f\u00fcr [&hellip;]<\/p>\n","protected":false},"author":2,"featured_media":0,"comment_status":"closed","ping_status":"open","sticky":false,"template":"","format":"standard","meta":{"footnotes":""},"categories":[13,14],"tags":[47,46,15],"class_list":["post-672","post","type-post","status-publish","format-standard","hentry","category-videos","category-oral-history","tag-schreiner","tag-separatisten","tag-speyer"],"_links":{"self":[{"href":"http:\/\/historischer-verein-speyer.de\/index.php?rest_route=\/wp\/v2\/posts\/672","targetHints":{"allow":["GET"]}}],"collection":[{"href":"http:\/\/historischer-verein-speyer.de\/index.php?rest_route=\/wp\/v2\/posts"}],"about":[{"href":"http:\/\/historischer-verein-speyer.de\/index.php?rest_route=\/wp\/v2\/types\/post"}],"author":[{"embeddable":true,"href":"http:\/\/historischer-verein-speyer.de\/index.php?rest_route=\/wp\/v2\/users\/2"}],"replies":[{"embeddable":true,"href":"http:\/\/historischer-verein-speyer.de\/index.php?rest_route=%2Fwp%2Fv2%2Fcomments&post=672"}],"version-history":[{"count":8,"href":"http:\/\/historischer-verein-speyer.de\/index.php?rest_route=\/wp\/v2\/posts\/672\/revisions"}],"predecessor-version":[{"id":3097,"href":"http:\/\/historischer-verein-speyer.de\/index.php?rest_route=\/wp\/v2\/posts\/672\/revisions\/3097"}],"wp:attachment":[{"href":"http:\/\/historischer-verein-speyer.de\/index.php?rest_route=%2Fwp%2Fv2%2Fmedia&parent=672"}],"wp:term":[{"taxonomy":"category","embeddable":true,"href":"http:\/\/historischer-verein-speyer.de\/index.php?rest_route=%2Fwp%2Fv2%2Fcategories&post=672"},{"taxonomy":"post_tag","embeddable":true,"href":"http:\/\/historischer-verein-speyer.de\/index.php?rest_route=%2Fwp%2Fv2%2Ftags&post=672"}],"curies":[{"name":"wp","href":"https:\/\/api.w.org\/{rel}","templated":true}]}}