{"id":710,"date":"2013-07-25T17:36:20","date_gmt":"2013-07-25T15:36:20","guid":{"rendered":"http:\/\/historischer-verein-speyer.de\/html\/?p=710"},"modified":"2014-06-28T12:13:31","modified_gmt":"2014-06-28T10:13:31","slug":"oral-history-jakob-schafer-2","status":"publish","type":"post","link":"http:\/\/historischer-verein-speyer.de\/?p=710","title":{"rendered":"Oral History: Jakob Sch\u00e4fer (2)"},"content":{"rendered":"<p>Herr Jakob Sch\u00e4fer wurde 1918 in Speyer geboren und wei\u00df Vieles aus der Vergangenheit Speyers zu berichten. So erlebte er live den Kampf der Separatisten\u00a0 um das Regierungspr\u00e4sidium in Speyer.<\/p>\n<p>Wegen der F\u00fclle der Informationen haben wir drei Teile produziert. Der zweite Teil behandelt die Jahre von 1938 bis Kriegsende 1945.<\/p>\n<p><iframe loading=\"lazy\" title=\"Oral History Jakob Schaefer Teil 2\/3\" width=\"768\" height=\"576\" src=\"https:\/\/www.youtube.com\/embed\/gt6W70pCDZg?feature=oembed\" frameborder=\"0\" allow=\"accelerometer; autoplay; clipboard-write; encrypted-media; gyroscope; picture-in-picture\" allowfullscreen><\/iframe><\/p>\n<p>Bei diesem Video darf ich mich f\u00fcr die Unterst\u00fctzung bei Frau Kolbinger bedanken.<\/p>\n<p>[nggallery id=19]<\/p>\n","protected":false},"excerpt":{"rendered":"<p>Herr Jakob Sch\u00e4fer wurde 1918 in Speyer geboren und wei\u00df Vieles aus der Vergangenheit Speyers zu berichten. So erlebte er live den Kampf der Separatisten\u00a0 um das Regierungspr\u00e4sidium in Speyer. Wegen der F\u00fclle der Informationen haben wir drei Teile produziert. Der zweite Teil behandelt die Jahre von 1938 bis Kriegsende 1945. Bei diesem Video darf [&hellip;]<\/p>\n","protected":false},"author":2,"featured_media":0,"comment_status":"closed","ping_status":"open","sticky":false,"template":"","format":"standard","meta":{"footnotes":""},"categories":[13,14],"tags":[15],"class_list":["post-710","post","type-post","status-publish","format-standard","hentry","category-videos","category-oral-history","tag-speyer"],"_links":{"self":[{"href":"http:\/\/historischer-verein-speyer.de\/index.php?rest_route=\/wp\/v2\/posts\/710","targetHints":{"allow":["GET"]}}],"collection":[{"href":"http:\/\/historischer-verein-speyer.de\/index.php?rest_route=\/wp\/v2\/posts"}],"about":[{"href":"http:\/\/historischer-verein-speyer.de\/index.php?rest_route=\/wp\/v2\/types\/post"}],"author":[{"embeddable":true,"href":"http:\/\/historischer-verein-speyer.de\/index.php?rest_route=\/wp\/v2\/users\/2"}],"replies":[{"embeddable":true,"href":"http:\/\/historischer-verein-speyer.de\/index.php?rest_route=%2Fwp%2Fv2%2Fcomments&post=710"}],"version-history":[{"count":31,"href":"http:\/\/historischer-verein-speyer.de\/index.php?rest_route=\/wp\/v2\/posts\/710\/revisions"}],"predecessor-version":[{"id":1501,"href":"http:\/\/historischer-verein-speyer.de\/index.php?rest_route=\/wp\/v2\/posts\/710\/revisions\/1501"}],"wp:attachment":[{"href":"http:\/\/historischer-verein-speyer.de\/index.php?rest_route=%2Fwp%2Fv2%2Fmedia&parent=710"}],"wp:term":[{"taxonomy":"category","embeddable":true,"href":"http:\/\/historischer-verein-speyer.de\/index.php?rest_route=%2Fwp%2Fv2%2Fcategories&post=710"},{"taxonomy":"post_tag","embeddable":true,"href":"http:\/\/historischer-verein-speyer.de\/index.php?rest_route=%2Fwp%2Fv2%2Ftags&post=710"}],"curies":[{"name":"wp","href":"https:\/\/api.w.org\/{rel}","templated":true}]}}