{"id":908,"date":"2013-09-24T17:07:36","date_gmt":"2013-09-24T15:07:36","guid":{"rendered":"http:\/\/historischer-verein-speyer.de\/?p=908"},"modified":"2013-09-26T20:13:33","modified_gmt":"2013-09-26T18:13:33","slug":"vortrag-23-09-2013-der-hausvertrag-von-pavia-1329-und-die-pfalz","status":"publish","type":"post","link":"http:\/\/historischer-verein-speyer.de\/?p=908","title":{"rendered":"Vortrag 23.09.2013: Der Hausvertrag von Pavia (1329) und die Pfalz"},"content":{"rendered":"<div><\/div>\n<div id=\"id_5241a1a81d4179982357910\">Am 23. September 2013 sprach Herr Klaus-Fr\u00e9d\u00e9ric Johannes M.A. (Ingenheim) vor 38 Besuchern\u00a0 \u00fcber den f\u00fcr die Geschichte des Hauses Wittelsbach in Bayern und der Pfalz zentralen \u201eHausvertrag von Pavia\u201c (1329). Der Hausvertrag legte den Grundstein f\u00fcr alle weiteren Entwicklungen bis hin zur Erbfolge des Kurpf\u00e4lzers Carl-Theodors und Maximilians I. Joseph (Linie Zweibr\u00fccken) gegen Ende des 18. Jahrhunderts, als die pf\u00e4lzischen Wittelsbacher die bayerische Linie beerben konnten. Von den Pf\u00e4lzer Wittelsbachern stammen daher sowohl die bayerischen K\u00f6nige (bis 1918) wie auch die heutigen Wittelsbacher ab.<\/div>\n<div><\/div>\n<div>[flowplayer src=&#8217;20130923VortragJohannes.flv&#8216;]<\/div>\n<div><\/div>\n<div>\n<p>Zum Referenten: Klaus-Fr\u00e9d\u00e9ric Johannes hat in Heidelberg Historische Hilfswissenschaften, Mittlere und Neuere Geschichte sowie Politikwissenschaften studiert. Er schlo\u00df sein Studium 2005 mit einer Magisterarbeit bei Prof. J\u00fcrgen Miethke \u00fcber Papst Bonifaz VIII. ab. Seine Forschungsschwerpunkte liegen auf Kirchen-, Rechts- und Ideengeschichte. Er hat in mehreren landesgeschichtlichen und rechtsgeschichtlichen Zeitschriften publiziert. J\u00fcngste Publikationen sind eine Urkundenedition in den Mitteilungen des Historischen Vereins der Pfalz und zur Orgel und Kirche von Klingen. Seit 2013 ist er Herausgeber des neu gegr\u00fcndeten Onlinerezensionsteils der Mitteilungen des Historischen Vereins der Pfalz. Er arbeitet im Archiv der Verbandsgemeinde Landau-Land.<\/p>\n<\/div>\n<p>&nbsp;<\/p>\n<p><strong>[nggallery id=25]<\/strong><\/p>\n","protected":false},"excerpt":{"rendered":"<p>Am 23. September 2013 sprach Herr Klaus-Fr\u00e9d\u00e9ric Johannes M.A. (Ingenheim) vor 38 Besuchern\u00a0 \u00fcber den f\u00fcr die Geschichte des Hauses Wittelsbach in Bayern und der Pfalz zentralen \u201eHausvertrag von Pavia\u201c (1329). Der Hausvertrag legte den Grundstein f\u00fcr alle weiteren Entwicklungen bis hin zur Erbfolge des Kurpf\u00e4lzers Carl-Theodors und Maximilians I. Joseph (Linie Zweibr\u00fccken) gegen Ende [&hellip;]<\/p>\n","protected":false},"author":2,"featured_media":0,"comment_status":"open","ping_status":"open","sticky":false,"template":"","format":"standard","meta":{"footnotes":""},"categories":[13,8],"tags":[53,20,52],"class_list":["post-908","post","type-post","status-publish","format-standard","hentry","category-videos","category-aufsatze-vortrage","tag-hausvertrag-pavia","tag-pfalz","tag-wittelsbacher"],"_links":{"self":[{"href":"http:\/\/historischer-verein-speyer.de\/index.php?rest_route=\/wp\/v2\/posts\/908","targetHints":{"allow":["GET"]}}],"collection":[{"href":"http:\/\/historischer-verein-speyer.de\/index.php?rest_route=\/wp\/v2\/posts"}],"about":[{"href":"http:\/\/historischer-verein-speyer.de\/index.php?rest_route=\/wp\/v2\/types\/post"}],"author":[{"embeddable":true,"href":"http:\/\/historischer-verein-speyer.de\/index.php?rest_route=\/wp\/v2\/users\/2"}],"replies":[{"embeddable":true,"href":"http:\/\/historischer-verein-speyer.de\/index.php?rest_route=%2Fwp%2Fv2%2Fcomments&post=908"}],"version-history":[{"count":3,"href":"http:\/\/historischer-verein-speyer.de\/index.php?rest_route=\/wp\/v2\/posts\/908\/revisions"}],"predecessor-version":[{"id":913,"href":"http:\/\/historischer-verein-speyer.de\/index.php?rest_route=\/wp\/v2\/posts\/908\/revisions\/913"}],"wp:attachment":[{"href":"http:\/\/historischer-verein-speyer.de\/index.php?rest_route=%2Fwp%2Fv2%2Fmedia&parent=908"}],"wp:term":[{"taxonomy":"category","embeddable":true,"href":"http:\/\/historischer-verein-speyer.de\/index.php?rest_route=%2Fwp%2Fv2%2Fcategories&post=908"},{"taxonomy":"post_tag","embeddable":true,"href":"http:\/\/historischer-verein-speyer.de\/index.php?rest_route=%2Fwp%2Fv2%2Ftags&post=908"}],"curies":[{"name":"wp","href":"https:\/\/api.w.org\/{rel}","templated":true}]}}